{"id":5688,"date":"2023-06-06T18:32:03","date_gmt":"2023-06-07T00:32:03","guid":{"rendered":"http:\/\/elveracruzano.vip\/?p=5688"},"modified":"2023-06-06T18:32:04","modified_gmt":"2023-06-07T00:32:04","slug":"derrama-economica-del-salsa-fest-supera-633-mdp-gobernador-cuitlahuac-garcia-cuitlahuacgj-gobiernover","status":"publish","type":"post","link":"https:\/\/elveracruzano.vip\/?p=5688","title":{"rendered":"Derrama econ\u00f3mica del Salsa Fest supera 633 mdp: gobernador Cuitl\u00e1huac Garc\u00eda \/ @CuitlahuacGJ @GobiernoVer >>>"},"content":{"rendered":"\n<p><strong>#GobiernoDeVeracruz.-<\/strong> La asistencia total de 427 mil personas, ocupaci\u00f3n hotelera del 99 por ciento y una derrama econ\u00f3mica de 633 millones 241 pesos, fueron los resultados del Salsa Fest, evento organizado por el Gobierno de Veracruz del 01 al 03 de junio.<\/p>\n\n\n\n<p>Este lunes, el gobernador Cuitl\u00e1huac Garc\u00eda Jim\u00e9nez brind\u00f3 el informe de resultados del festival que reactiv\u00f3 la econom\u00eda y se consolid\u00f3 como el m\u00e1s importante de salsa en M\u00e9xico.<\/p>\n\n\n\n<p>\u201cNos fue muy bien, terminamos con saldo blanco; tuvimos visitantes de 30 estados, destacando de la Ciudad de M\u00e9xico, Estado de M\u00e9xico e Hidalgo; y de 12 pa\u00edses, Alemania, Canad\u00e1, Colombia, Costa Rica, Estados Unidos, Francia, Marruecos, Per\u00fa, Puerto Rico, Rusia, Venezuela y Espa\u00f1a\u201d.<\/p>\n\n\n\n<p>En el desglose, el primer d\u00eda asistieron 102 mil personas; el segundo, 144 mil y el tercero, 181 mil; este gran flujo y su organizaci\u00f3n ha sido reconocido por los representantes del g\u00e9nero.<\/p>\n\n\n\n<p>\u201cYa se registra el Salsa Fest, dicho por los artistas, uno de los mejores festivales del g\u00e9nero a nivel mundial. Vamos a esperar la edici\u00f3n del 2024 y al ser \u00faltimo de nuestra gesti\u00f3n, no dejaremos de sorprender\u201d.<\/p>\n\n\n\n<p>El mandatario agreg\u00f3 que debido a la gran asistencia se reportaron apenas 46 atenciones m\u00e9dicas por desmayos, sin pasar a mayores inconvenientes.<\/p>\n\n\n\n<p><strong>#ElVeracruzanoVIP &#8211; <\/strong><a href=\"https:\/\/www.facebook.com\/ElVeracruzanoVIP\/\">El Veracruzano VIP<\/a><\/p>\n","protected":false},"excerpt":{"rendered":"<p>#GobiernoDeVeracruz.- La asistencia total de 427 mil personas, ocupaci\u00f3n hotelera del 99 por ciento y una derrama econ\u00f3mica de 633<\/p>\n","protected":false},"author":4,"featured_media":0,"comment_status":"open","ping_status":"open","sticky":false,"template":"","format":"standard","meta":{"colormag_page_container_layout":"default_layout","colormag_page_sidebar_layout":"default_layout","rop_custom_images_group":[],"rop_custom_messages_group":[],"rop_publish_now":"initial","rop_publish_now_accounts":{"facebook_109133384920963_108472061465099":""},"rop_publish_now_history":[],"rop_publish_now_status":"pending","footnotes":""},"categories":[16],"tags":[17,26,20,18,19,100,97,91,84,98,99,21,23,22],"class_list":["post-5688","post","type-post","status-publish","format-standard","hentry","category-ultima-hora","tag-cuitlahuac-garcia-jimenez","tag-el-veracruzano-vip","tag-enterate","tag-gobierno-del-estado-de-veracruz","tag-redes-sociales","tag-secretaria-de-economia","tag-secretaria-de-educacion-publica","tag-secretaria-de-educacion-veracruz","tag-secretaria-de-proteccion-civil-del-estado-de-veracruz","tag-secretaria-del-medio-ambiente","tag-secretaria-del-trabajo-y-prevision-social","tag-ultima-hora","tag-ultimas-noticias","tag-ultimo-minuto"],"_links":{"self":[{"href":"https:\/\/elveracruzano.vip\/index.php?rest_route=\/wp\/v2\/posts\/5688","targetHints":{"allow":["GET"]}}],"collection":[{"href":"https:\/\/elveracruzano.vip\/index.php?rest_route=\/wp\/v2\/posts"}],"about":[{"href":"https:\/\/elveracruzano.vip\/index.php?rest_route=\/wp\/v2\/types\/post"}],"author":[{"embeddable":true,"href":"https:\/\/elveracruzano.vip\/index.php?rest_route=\/wp\/v2\/users\/4"}],"replies":[{"embeddable":true,"href":"https:\/\/elveracruzano.vip\/index.php?rest_route=%2Fwp%2Fv2%2Fcomments&post=5688"}],"version-history":[{"count":1,"href":"https:\/\/elveracruzano.vip\/index.php?rest_route=\/wp\/v2\/posts\/5688\/revisions"}],"predecessor-version":[{"id":5690,"href":"https:\/\/elveracruzano.vip\/index.php?rest_route=\/wp\/v2\/posts\/5688\/revisions\/5690"}],"wp:attachment":[{"href":"https:\/\/elveracruzano.vip\/index.php?rest_route=%2Fwp%2Fv2%2Fmedia&parent=5688"}],"wp:term":[{"taxonomy":"category","embeddable":true,"href":"https:\/\/elveracruzano.vip\/index.php?rest_route=%2Fwp%2Fv2%2Fcategories&post=5688"},{"taxonomy":"post_tag","embeddable":true,"href":"https:\/\/elveracruzano.vip\/index.php?rest_route=%2Fwp%2Fv2%2Ftags&post=5688"}],"curies":[{"name":"wp","href":"https:\/\/api.w.org\/{rel}","templated":true}]}}