{"id":5685,"date":"2023-06-06T18:26:36","date_gmt":"2023-06-07T00:26:36","guid":{"rendered":"http:\/\/elveracruzano.vip\/?p=5685"},"modified":"2023-06-06T18:26:38","modified_gmt":"2023-06-07T00:26:38","slug":"programa-de-alimentacion-escolar-nutre-a-508-mil-ninos-de-10-mil-planteles-cuitlahuacgj-gobiernover","status":"publish","type":"post","link":"https:\/\/elveracruzano.vip\/?p=5685","title":{"rendered":"Programa de Alimentaci\u00f3n Escolar nutre a 508 mil ni\u00f1os de 10 mil planteles \/ @CuitlahuacGJ @GobiernoVer >>>"},"content":{"rendered":"\n<p class=\"wp-block-paragraph\"><strong>#GobiernoDeVeracruz.-<\/strong> Con la entrega de 90 millones 584 mil 748 raciones calientes y fr\u00edas del Programa de Alimentaci\u00f3n Escolar, el Sistema Estatal para el Desarrollo Integral de la Familia (DIF) refrenda su compromiso con los grupos de atenci\u00f3n prioritaria en 10 mil 111 planteles de nivel b\u00e1sico en los 212 municipios.<\/p>\n\n\n\n<p class=\"wp-block-paragraph\">Durante el banderazo de salida a los camiones que transportan los insumos, el secretario de Gobierno, Eric Patrocinio Cisneros Burgos, destac\u00f3 la noble labor de apoyar a las y los veracruzanos sin distingo alguno cuando, en el pasado, muchas acciones las destinaban s\u00f3lo a las ciudades.<\/p>\n\n\n\n<p class=\"wp-block-paragraph\">\u201cHoy el DIF recorre los pueblos por igual, pues los ni\u00f1os no conocen de colores pero s\u00ed de necesidades\u201d, manifest\u00f3 sobre este esquema que atiende principalmente a comunidades rurales, ind\u00edgenas y afromexicanas, permitiendo a 508 mil menores dedicarse al estudio y a sus padres y madres un ahorro en su econom\u00eda.<\/p>\n\n\n\n<p class=\"wp-block-paragraph\">Previamente la directora del organismo, Rebeca Quintanar Barcel\u00f3, destac\u00f3 un significativo aumento con respecto a las raciones entregadas el a\u00f1o pasado, que fueron 87 millones 148 mil 970 en ambas modalidades.<\/p>\n\n\n\n<p class=\"wp-block-paragraph\">Expres\u00f3 que la ni\u00f1ez recibe el fruto de un trabajo coordinado de los tres niveles de gobierno, acciones de vital importancia para muchas familias; por ello exhort\u00f3 a los presentes a seguir construyendo puentes que transformen vidas y aseguren el futuro de Veracruz.<\/p>\n\n\n\n<p class=\"wp-block-paragraph\">Atestiguaron el evento autoridades de Actopan, Acultzingo, Alto Lucero, Alpatl\u00e1huac, Amatl\u00e1n, \u00c1ngel R. Cabada, Banderilla, Chacaltianguis, Coatepec, Coscomatepec, El Higo, Emiliano Zapata, Isla, Ixhuatl\u00e1n del Caf\u00e9, Lerdo de Tejada, Naolinco, Omealca, Paso del Macho, Saltabarranca, San Andr\u00e9s Tuxtla, Teocelo, Tepatlaxco, Tlalnelhuayocan, Totutla, Xico y Yanga.<\/p>\n\n\n\n<p class=\"wp-block-paragraph\"><strong>#ElVeracruzanoVIP &#8211; <\/strong><a href=\"https:\/\/www.facebook.com\/ElVeracruzanoVIP\/\">El Veracruzano VIP<\/a><\/p>\n","protected":false},"excerpt":{"rendered":"<p>#GobiernoDeVeracruz.- Con la entrega de 90 millones 584 mil 748 raciones calientes y fr\u00edas del Programa de Alimentaci\u00f3n Escolar, el<\/p>\n","protected":false},"author":4,"featured_media":0,"comment_status":"open","ping_status":"open","sticky":false,"template":"","format":"standard","meta":{"colormag_page_container_layout":"default_layout","colormag_page_sidebar_layout":"default_layout","rop_custom_images_group":[],"rop_custom_messages_group":[],"rop_publish_now":"initial","rop_publish_now_accounts":{"facebook_109133384920963_108472061465099":""},"rop_publish_now_history":[],"rop_publish_now_status":"pending","footnotes":""},"categories":[14],"tags":[17,26,20,18,19,97,91,84,98,99,21,23,22],"class_list":["post-5685","post","type-post","status-publish","format-standard","hentry","category-secretarias","tag-cuitlahuac-garcia-jimenez","tag-el-veracruzano-vip","tag-enterate","tag-gobierno-del-estado-de-veracruz","tag-redes-sociales","tag-secretaria-de-educacion-publica","tag-secretaria-de-educacion-veracruz","tag-secretaria-de-proteccion-civil-del-estado-de-veracruz","tag-secretaria-del-medio-ambiente","tag-secretaria-del-trabajo-y-prevision-social","tag-ultima-hora","tag-ultimas-noticias","tag-ultimo-minuto"],"_links":{"self":[{"href":"https:\/\/elveracruzano.vip\/index.php?rest_route=\/wp\/v2\/posts\/5685","targetHints":{"allow":["GET"]}}],"collection":[{"href":"https:\/\/elveracruzano.vip\/index.php?rest_route=\/wp\/v2\/posts"}],"about":[{"href":"https:\/\/elveracruzano.vip\/index.php?rest_route=\/wp\/v2\/types\/post"}],"author":[{"embeddable":true,"href":"https:\/\/elveracruzano.vip\/index.php?rest_route=\/wp\/v2\/users\/4"}],"replies":[{"embeddable":true,"href":"https:\/\/elveracruzano.vip\/index.php?rest_route=%2Fwp%2Fv2%2Fcomments&post=5685"}],"version-history":[{"count":1,"href":"https:\/\/elveracruzano.vip\/index.php?rest_route=\/wp\/v2\/posts\/5685\/revisions"}],"predecessor-version":[{"id":5687,"href":"https:\/\/elveracruzano.vip\/index.php?rest_route=\/wp\/v2\/posts\/5685\/revisions\/5687"}],"wp:attachment":[{"href":"https:\/\/elveracruzano.vip\/index.php?rest_route=%2Fwp%2Fv2%2Fmedia&parent=5685"}],"wp:term":[{"taxonomy":"category","embeddable":true,"href":"https:\/\/elveracruzano.vip\/index.php?rest_route=%2Fwp%2Fv2%2Fcategories&post=5685"},{"taxonomy":"post_tag","embeddable":true,"href":"https:\/\/elveracruzano.vip\/index.php?rest_route=%2Fwp%2Fv2%2Ftags&post=5685"}],"curies":[{"name":"wp","href":"https:\/\/api.w.org\/{rel}","templated":true}]}}