{"id":5655,"date":"2023-05-30T14:14:00","date_gmt":"2023-05-30T20:14:00","guid":{"rendered":"http:\/\/elveracruzano.vip\/?p=5655"},"modified":"2023-05-30T14:14:02","modified_gmt":"2023-05-30T20:14:02","slug":"con-reforestacion-reciclaje-y-limpieza-de-playas-celebrara-veracruz-semana-del-medio-ambiente-cuitlahuacgj-gobiernover","status":"publish","type":"post","link":"https:\/\/elveracruzano.vip\/?p=5655","title":{"rendered":"Con reforestaci\u00f3n, reciclaje y limpieza de playas, celebrar\u00e1 Veracruz Semana del Medio Ambiente \/ @CuitlahuacGJ @GobiernoVer >>>"},"content":{"rendered":"\n<p><strong>#GobiernoDeVeracruz.- <\/strong>En el marco del D\u00eda Mundial del Medio Ambiente el pr\u00f3ximo 5 de junio, el Gobierno de Veracruz prepar\u00f3 una serie de actividades enfocadas a la disminuci\u00f3n de pl\u00e1sticos y regeneraci\u00f3n de fuentes de agua, principalmente con la plantaci\u00f3n de \u00e1rboles, acopio de residuos s\u00f3lidos, foros, conferencias y recolecci\u00f3n de basura en 18 playas de atractivo tur\u00edstico.<\/p>\n\n\n\n<p>En conferencia del gobernador Cuitl\u00e1huac Garc\u00eda Jim\u00e9nez, el titular de la Secretar\u00eda de Medio Ambiente (SEDEMA), Juan Carlos Contreras Bautista, convoc\u00f3 a las autoridades y habitantes de 74 municipios a sumarse a dichas acciones, por lo cual contempla la participaci\u00f3n de 10 mil personas entre el viernes 2 y domingo 10 del mes entrante.<\/p>\n\n\n\n<p>La explanada del Teatro del Estado ser\u00e1 sede del Recicl\u00f3n regional Xalapa el s\u00e1bado 3, recibiendo desechos el\u00e9ctricos y electr\u00f3nicos, pilas, metales, aluminio, vidrio, pl\u00e1stico, llantas, papel, cart\u00f3n y aceite de cocina usado de 24 municipios, de las 8:00 a las 14:00 horas.<\/p>\n\n\n\n<p>El domingo 4 se espera la jornada de reforestaci\u00f3n m\u00e1s grande en la historia de la entidad con 82 mil plantas y \u00e1rboles producidos en los nueve viveros de la dependencia, esto en los 31 municipios integrantes del Comit\u00e9 Estatal de Manejo del Fuego a los que han sido destinados al menos 50 millones de pesos en temas de prevenci\u00f3n.<\/p>\n\n\n\n<p>Un foro titulado Coordinaci\u00f3n para la adecuada gesti\u00f3n de los residuos en el sur de Veracruz estar\u00e1 dirigido a empresarios, industriales, asociaciones civiles y autoridades locales de Coatzacoalcos, Cosoleacaque y Minatitl\u00e1n, a fin de optimizar las capacidades administrativas y operativas en torno al tiradero Las Matas; esto el d\u00eda 5 en tres espacios diferentes.<\/p>\n\n\n\n<p>Ese mismo d\u00eda tendr\u00e1 lugar el Foro Regional de Cambio Clim\u00e1tico en temas de ganader\u00eda sustentable, adaptaci\u00f3n al fen\u00f3meno global, vulnerabilidad agroecol\u00f3gica y eficiencia energ\u00e9tica, auspiciado por el Ayuntamiento y el Instituto Tecnol\u00f3gico Superior de Chicontepec; mientras que el 7 habr\u00e1 un ciclo de conferencias en materia de agua y humedales en el Centro Cultural Carmela Rey de Xalapa.<\/p>\n\n\n\n<p><strong>#ElVeracruzanoVIP &#8211; <\/strong><a href=\"https:\/\/www.facebook.com\/ElVeracruzanoVIP\/\">El Veracruzano VIP<\/a><\/p>\n","protected":false},"excerpt":{"rendered":"<p>#GobiernoDeVeracruz.- En el marco del D\u00eda Mundial del Medio Ambiente el pr\u00f3ximo 5 de junio, el Gobierno de Veracruz prepar\u00f3<\/p>\n","protected":false},"author":4,"featured_media":5656,"comment_status":"open","ping_status":"open","sticky":false,"template":"","format":"standard","meta":{"colormag_page_container_layout":"default_layout","colormag_page_sidebar_layout":"default_layout","rop_custom_images_group":[],"rop_custom_messages_group":[],"rop_publish_now":"initial","rop_publish_now_accounts":{"facebook_109133384920963_108472061465099":""},"rop_publish_now_history":[],"rop_publish_now_status":"pending","footnotes":""},"categories":[16],"tags":[17,26,20,18,19,97,91,84,98,99,21,23,22],"class_list":["post-5655","post","type-post","status-publish","format-standard","has-post-thumbnail","hentry","category-ultima-hora","tag-cuitlahuac-garcia-jimenez","tag-el-veracruzano-vip","tag-enterate","tag-gobierno-del-estado-de-veracruz","tag-redes-sociales","tag-secretaria-de-educacion-publica","tag-secretaria-de-educacion-veracruz","tag-secretaria-de-proteccion-civil-del-estado-de-veracruz","tag-secretaria-del-medio-ambiente","tag-secretaria-del-trabajo-y-prevision-social","tag-ultima-hora","tag-ultimas-noticias","tag-ultimo-minuto"],"_links":{"self":[{"href":"https:\/\/elveracruzano.vip\/index.php?rest_route=\/wp\/v2\/posts\/5655","targetHints":{"allow":["GET"]}}],"collection":[{"href":"https:\/\/elveracruzano.vip\/index.php?rest_route=\/wp\/v2\/posts"}],"about":[{"href":"https:\/\/elveracruzano.vip\/index.php?rest_route=\/wp\/v2\/types\/post"}],"author":[{"embeddable":true,"href":"https:\/\/elveracruzano.vip\/index.php?rest_route=\/wp\/v2\/users\/4"}],"replies":[{"embeddable":true,"href":"https:\/\/elveracruzano.vip\/index.php?rest_route=%2Fwp%2Fv2%2Fcomments&post=5655"}],"version-history":[{"count":1,"href":"https:\/\/elveracruzano.vip\/index.php?rest_route=\/wp\/v2\/posts\/5655\/revisions"}],"predecessor-version":[{"id":5657,"href":"https:\/\/elveracruzano.vip\/index.php?rest_route=\/wp\/v2\/posts\/5655\/revisions\/5657"}],"wp:featuredmedia":[{"embeddable":true,"href":"https:\/\/elveracruzano.vip\/index.php?rest_route=\/wp\/v2\/media\/5656"}],"wp:attachment":[{"href":"https:\/\/elveracruzano.vip\/index.php?rest_route=%2Fwp%2Fv2%2Fmedia&parent=5655"}],"wp:term":[{"taxonomy":"category","embeddable":true,"href":"https:\/\/elveracruzano.vip\/index.php?rest_route=%2Fwp%2Fv2%2Fcategories&post=5655"},{"taxonomy":"post_tag","embeddable":true,"href":"https:\/\/elveracruzano.vip\/index.php?rest_route=%2Fwp%2Fv2%2Ftags&post=5655"}],"curies":[{"name":"wp","href":"https:\/\/api.w.org\/{rel}","templated":true}]}}