{"id":5627,"date":"2023-05-25T19:33:07","date_gmt":"2023-05-26T01:33:07","guid":{"rendered":"http:\/\/elveracruzano.vip\/?p=5627"},"modified":"2023-05-25T19:33:08","modified_gmt":"2023-05-26T01:33:08","slug":"cordoba-sede-de-la-mesa-inter-regional-de-seguridad-pdtejuanmtnez-aytocordobaver","status":"publish","type":"post","link":"https:\/\/elveracruzano.vip\/?p=5627","title":{"rendered":"C\u00f3rdoba sede de la Mesa Inter Regional de Seguridad \/ @PdteJuanMtnez @AytoCordobaVer >>>"},"content":{"rendered":"\n<p><strong>#C\u00f3rdoba, #Ver.-<\/strong> Con el objetivo de fortalecer las estrategias de seguridad en el combate al robo al transporte de carga, C\u00f3rdoba fue sede de la mesa Inter Regional de Seguridad, en la cual, participaron los tres \u00f3rdenes de gobierno y municipios que conforman las cuatro regiones de la zona centro del estado, donde se registra este delito.<\/p>\n\n\n\n<p>En representaci\u00f3n del presidente municipal, Juan Mart\u00ednez, estuvo presente el director de Protecci\u00f3n Ciudadana y Movilidad, Capit\u00e1n Enrique Morales Tolentino; de la Guardia Nacional, Guillermo P\u00e9rez Hern\u00e1ndez; el Secretario T\u00e9cnico Regional de Huatusco, Emilio Ortiz Medina; la responsable de la Regi\u00f3n de Zongolica, Jessica Viviana y el Secretario T\u00e9cnico de la Regi\u00f3n de Orizaba, Alberto Espinoza Saavedra.<\/p>\n\n\n\n<p>La Secretaria T\u00e9cnica de la Regi\u00f3n de C\u00f3rdoba, Minerva L\u00f3pez Villegas, dio a conocer que en esta mesa participaron las regiones de: C\u00f3rdoba, Zongolica, Huatusco y Orizaba que conforman este corredor carretero en donde se registran los robos al transporte de carga y siendo la rapi\u00f1a, el principal delito.<\/p>\n\n\n\n<p>\u201cVamos a crear estrategias para disminuir el robo a este sector, el cual se har\u00e1 en colaboraci\u00f3n con Guardia Nacional Carretera, as\u00ed como con la Guardia Nacional, toda vez que se busca prevenir la rapi\u00f1a durante las volcaduras de un tr\u00e1iler y que ha sido la constante queja\u201d, mencion\u00f3 L\u00f3pez Villegas.<\/p>\n\n\n\n<p>Las observaciones hechas durante esta reuni\u00f3n, ser\u00e1n enviadas a la Secretar\u00eda de Seguridad y Protecci\u00f3n Ciudadana en la Ciudad de M\u00e9xico, para que sean aplicables por parte de los diferentes cuerpos\u00a0de\u00a0seguridad.<\/p>\n\n\n\n<p><strong>#ElVeracruzanoVIP &#8211; <\/strong><a href=\"https:\/\/www.facebook.com\/ElVeracruzanoVIP\/\">El Veracruzano VIP<\/a><\/p>\n","protected":false},"excerpt":{"rendered":"<p>#C\u00f3rdoba, #Ver.- Con el objetivo de fortalecer las estrategias de seguridad en el combate al robo al transporte de carga,<\/p>\n","protected":false},"author":4,"featured_media":5628,"comment_status":"open","ping_status":"open","sticky":false,"template":"","format":"standard","meta":{"colormag_page_container_layout":"default_layout","colormag_page_sidebar_layout":"default_layout","rop_custom_images_group":[],"rop_custom_messages_group":[],"rop_publish_now":"initial","rop_publish_now_accounts":{"facebook_109133384920963_108472061465099":""},"rop_publish_now_history":[],"rop_publish_now_status":"pending","footnotes":""},"categories":[11],"tags":[36,17,26,20,18,66,19,97,91,84,98,99,21,23,22],"class_list":["post-5627","post","type-post","status-publish","format-standard","has-post-thumbnail","hentry","category-municipios-destacados","tag-cordoba","tag-cuitlahuac-garcia-jimenez","tag-el-veracruzano-vip","tag-enterate","tag-gobierno-del-estado-de-veracruz","tag-juan-martinez-flores","tag-redes-sociales","tag-secretaria-de-educacion-publica","tag-secretaria-de-educacion-veracruz","tag-secretaria-de-proteccion-civil-del-estado-de-veracruz","tag-secretaria-del-medio-ambiente","tag-secretaria-del-trabajo-y-prevision-social","tag-ultima-hora","tag-ultimas-noticias","tag-ultimo-minuto"],"_links":{"self":[{"href":"https:\/\/elveracruzano.vip\/index.php?rest_route=\/wp\/v2\/posts\/5627","targetHints":{"allow":["GET"]}}],"collection":[{"href":"https:\/\/elveracruzano.vip\/index.php?rest_route=\/wp\/v2\/posts"}],"about":[{"href":"https:\/\/elveracruzano.vip\/index.php?rest_route=\/wp\/v2\/types\/post"}],"author":[{"embeddable":true,"href":"https:\/\/elveracruzano.vip\/index.php?rest_route=\/wp\/v2\/users\/4"}],"replies":[{"embeddable":true,"href":"https:\/\/elveracruzano.vip\/index.php?rest_route=%2Fwp%2Fv2%2Fcomments&post=5627"}],"version-history":[{"count":1,"href":"https:\/\/elveracruzano.vip\/index.php?rest_route=\/wp\/v2\/posts\/5627\/revisions"}],"predecessor-version":[{"id":5629,"href":"https:\/\/elveracruzano.vip\/index.php?rest_route=\/wp\/v2\/posts\/5627\/revisions\/5629"}],"wp:featuredmedia":[{"embeddable":true,"href":"https:\/\/elveracruzano.vip\/index.php?rest_route=\/wp\/v2\/media\/5628"}],"wp:attachment":[{"href":"https:\/\/elveracruzano.vip\/index.php?rest_route=%2Fwp%2Fv2%2Fmedia&parent=5627"}],"wp:term":[{"taxonomy":"category","embeddable":true,"href":"https:\/\/elveracruzano.vip\/index.php?rest_route=%2Fwp%2Fv2%2Fcategories&post=5627"},{"taxonomy":"post_tag","embeddable":true,"href":"https:\/\/elveracruzano.vip\/index.php?rest_route=%2Fwp%2Fv2%2Ftags&post=5627"}],"curies":[{"name":"wp","href":"https:\/\/api.w.org\/{rel}","templated":true}]}}