{"id":5616,"date":"2023-05-23T18:09:19","date_gmt":"2023-05-24T00:09:19","guid":{"rendered":"http:\/\/elveracruzano.vip\/?p=5616"},"modified":"2023-05-23T18:09:21","modified_gmt":"2023-05-24T00:09:21","slug":"picacho-del-diablo","status":"publish","type":"post","link":"https:\/\/elveracruzano.vip\/?p=5616","title":{"rendered":"Picacho del Diablo"},"content":{"rendered":"\n<p><strong>#Eventos.-<\/strong> Picacho del Diablo, la monta\u00f1a m\u00e1s alta y t\u00e9cnica de Baja California, en esta ocasi\u00f3n usaremos la aproximaci\u00f3n Oeste entrando por el parque nacional y recorriendo parte de su hermoso bosque, descendemos el ca\u00f1on del Diablo y subimos por la ruta de Slot Wash.<br>Itinerario tentativo:<br>26 Oct- Transporte Tijuana- entrada parque san pedro Martir<br>27 Oct- Caminata a collado de botella azul y descenso al ca\u00f1on del diablo hasta llegar a campo noche, lugar donde se pernocta<br>28 Oct- Ascenso Picacho DD y regreso a campo noche<br>29 Oct- Ascenso a collado de botella azul y regreso a tijuana<\/p>\n\n\n\n<p><strong>#ElVeracruzanoVIP &#8211; <\/strong><a href=\"https:\/\/www.facebook.com\/ElVeracruzanoVIP\/\">El Veracruzano VIP<\/a><\/p>\n","protected":false},"excerpt":{"rendered":"<p>#Eventos.- Picacho del Diablo, la monta\u00f1a m\u00e1s alta y t\u00e9cnica de Baja California, en esta ocasi\u00f3n usaremos la aproximaci\u00f3n Oeste<\/p>\n","protected":false},"author":4,"featured_media":5617,"comment_status":"open","ping_status":"open","sticky":false,"template":"","format":"standard","meta":{"colormag_page_container_layout":"default_layout","colormag_page_sidebar_layout":"default_layout","rop_custom_images_group":[],"rop_custom_messages_group":[],"rop_publish_now":"initial","rop_publish_now_accounts":{"facebook_109133384920963_108472061465099":""},"rop_publish_now_history":[],"rop_publish_now_status":"pending","footnotes":""},"categories":[9],"tags":[17,26,20,18,19,91,84,21,23,22],"class_list":["post-5616","post","type-post","status-publish","format-standard","has-post-thumbnail","hentry","category-eventos-especiales","tag-cuitlahuac-garcia-jimenez","tag-el-veracruzano-vip","tag-enterate","tag-gobierno-del-estado-de-veracruz","tag-redes-sociales","tag-secretaria-de-educacion-veracruz","tag-secretaria-de-proteccion-civil-del-estado-de-veracruz","tag-ultima-hora","tag-ultimas-noticias","tag-ultimo-minuto"],"_links":{"self":[{"href":"https:\/\/elveracruzano.vip\/index.php?rest_route=\/wp\/v2\/posts\/5616","targetHints":{"allow":["GET"]}}],"collection":[{"href":"https:\/\/elveracruzano.vip\/index.php?rest_route=\/wp\/v2\/posts"}],"about":[{"href":"https:\/\/elveracruzano.vip\/index.php?rest_route=\/wp\/v2\/types\/post"}],"author":[{"embeddable":true,"href":"https:\/\/elveracruzano.vip\/index.php?rest_route=\/wp\/v2\/users\/4"}],"replies":[{"embeddable":true,"href":"https:\/\/elveracruzano.vip\/index.php?rest_route=%2Fwp%2Fv2%2Fcomments&post=5616"}],"version-history":[{"count":1,"href":"https:\/\/elveracruzano.vip\/index.php?rest_route=\/wp\/v2\/posts\/5616\/revisions"}],"predecessor-version":[{"id":5618,"href":"https:\/\/elveracruzano.vip\/index.php?rest_route=\/wp\/v2\/posts\/5616\/revisions\/5618"}],"wp:featuredmedia":[{"embeddable":true,"href":"https:\/\/elveracruzano.vip\/index.php?rest_route=\/wp\/v2\/media\/5617"}],"wp:attachment":[{"href":"https:\/\/elveracruzano.vip\/index.php?rest_route=%2Fwp%2Fv2%2Fmedia&parent=5616"}],"wp:term":[{"taxonomy":"category","embeddable":true,"href":"https:\/\/elveracruzano.vip\/index.php?rest_route=%2Fwp%2Fv2%2Fcategories&post=5616"},{"taxonomy":"post_tag","embeddable":true,"href":"https:\/\/elveracruzano.vip\/index.php?rest_route=%2Fwp%2Fv2%2Ftags&post=5616"}],"curies":[{"name":"wp","href":"https:\/\/api.w.org\/{rel}","templated":true}]}}