{"id":5591,"date":"2023-05-23T17:48:50","date_gmt":"2023-05-23T23:48:50","guid":{"rendered":"http:\/\/elveracruzano.vip\/?p=5591"},"modified":"2023-05-23T17:48:51","modified_gmt":"2023-05-23T23:48:51","slug":"otorga-presidente-del-dif-orizaba-reconocimientos-a-los-integrantes-de-la-escuela-de-futbol-jmdiezmx-aytodeorizaba","status":"publish","type":"post","link":"https:\/\/elveracruzano.vip\/?p=5591","title":{"rendered":"Otorga presidente del DIF Orizaba reconocimientos a los integrantes de la escuela de f\u00fatbol \/ @JMDiezMX @aytodeorizaba >>>"},"content":{"rendered":"\n<p><strong>#Orizaba, #Ver.- <\/strong>El Lic. Hugo Chah\u00edn Kuri, presidente del DIF Orizaba, otorg\u00f3 reconocimientos a los integrantes de la Escuela de F\u00fatbol del DIF, por haber obtenido el primer lugar en la Copa Bronce del \u201cTorneo Orizaba CUP\u201d.<\/p>\n\n\n\n<figure class=\"wp-block-image aligncenter size-medium is-resized\"><img loading=\"lazy\" decoding=\"async\" src=\"http:\/\/elveracruzano.vip\/wp-content\/uploads\/2023\/05\/ori-tex-1-300x199.jpg\" alt=\"\" class=\"wp-image-5592\" width=\"478\" height=\"317\" srcset=\"https:\/\/elveracruzano.vip\/wp-content\/uploads\/2023\/05\/ori-tex-1-300x199.jpg 300w, https:\/\/elveracruzano.vip\/wp-content\/uploads\/2023\/05\/ori-tex-1-1024x679.jpg 1024w, https:\/\/elveracruzano.vip\/wp-content\/uploads\/2023\/05\/ori-tex-1-768x509.jpg 768w, https:\/\/elveracruzano.vip\/wp-content\/uploads\/2023\/05\/ori-tex-1-1536x1018.jpg 1536w, https:\/\/elveracruzano.vip\/wp-content\/uploads\/2023\/05\/ori-tex-1-600x398.jpg 600w, https:\/\/elveracruzano.vip\/wp-content\/uploads\/2023\/05\/ori-tex-1.jpg 2048w\" sizes=\"auto, (max-width: 478px) 100vw, 478px\" \/><\/figure>\n\n\n\n<p><strong>#ElVeracruzanoVIP &#8211; <\/strong><a href=\"https:\/\/www.facebook.com\/ElVeracruzanoVIP\/\">El Veracruzano VIP<\/a><\/p>\n","protected":false},"excerpt":{"rendered":"<p>#Orizaba, #Ver.- El Lic. Hugo Chah\u00edn Kuri, presidente del DIF Orizaba, otorg\u00f3 reconocimientos a los integrantes de la Escuela de<\/p>\n","protected":false},"author":4,"featured_media":5593,"comment_status":"open","ping_status":"open","sticky":false,"template":"","format":"standard","meta":{"colormag_page_container_layout":"default_layout","colormag_page_sidebar_layout":"default_layout","rop_custom_images_group":[],"rop_custom_messages_group":[],"rop_publish_now":"initial","rop_publish_now_accounts":{"facebook_109133384920963_108472061465099":""},"rop_publish_now_history":[],"rop_publish_now_status":"pending","footnotes":""},"categories":[11],"tags":[53,17,26,20,18,81,19,100,91,84,98,99,21,23,22],"class_list":["post-5591","post","type-post","status-publish","format-standard","has-post-thumbnail","hentry","category-municipios-destacados","tag-ayuntamiento-de-orizaba","tag-cuitlahuac-garcia-jimenez","tag-el-veracruzano-vip","tag-enterate","tag-gobierno-del-estado-de-veracruz","tag-juan-manuel-diez","tag-redes-sociales","tag-secretaria-de-economia","tag-secretaria-de-educacion-veracruz","tag-secretaria-de-proteccion-civil-del-estado-de-veracruz","tag-secretaria-del-medio-ambiente","tag-secretaria-del-trabajo-y-prevision-social","tag-ultima-hora","tag-ultimas-noticias","tag-ultimo-minuto"],"_links":{"self":[{"href":"https:\/\/elveracruzano.vip\/index.php?rest_route=\/wp\/v2\/posts\/5591","targetHints":{"allow":["GET"]}}],"collection":[{"href":"https:\/\/elveracruzano.vip\/index.php?rest_route=\/wp\/v2\/posts"}],"about":[{"href":"https:\/\/elveracruzano.vip\/index.php?rest_route=\/wp\/v2\/types\/post"}],"author":[{"embeddable":true,"href":"https:\/\/elveracruzano.vip\/index.php?rest_route=\/wp\/v2\/users\/4"}],"replies":[{"embeddable":true,"href":"https:\/\/elveracruzano.vip\/index.php?rest_route=%2Fwp%2Fv2%2Fcomments&post=5591"}],"version-history":[{"count":1,"href":"https:\/\/elveracruzano.vip\/index.php?rest_route=\/wp\/v2\/posts\/5591\/revisions"}],"predecessor-version":[{"id":5594,"href":"https:\/\/elveracruzano.vip\/index.php?rest_route=\/wp\/v2\/posts\/5591\/revisions\/5594"}],"wp:featuredmedia":[{"embeddable":true,"href":"https:\/\/elveracruzano.vip\/index.php?rest_route=\/wp\/v2\/media\/5593"}],"wp:attachment":[{"href":"https:\/\/elveracruzano.vip\/index.php?rest_route=%2Fwp%2Fv2%2Fmedia&parent=5591"}],"wp:term":[{"taxonomy":"category","embeddable":true,"href":"https:\/\/elveracruzano.vip\/index.php?rest_route=%2Fwp%2Fv2%2Fcategories&post=5591"},{"taxonomy":"post_tag","embeddable":true,"href":"https:\/\/elveracruzano.vip\/index.php?rest_route=%2Fwp%2Fv2%2Ftags&post=5591"}],"curies":[{"name":"wp","href":"https:\/\/api.w.org\/{rel}","templated":true}]}}