{"id":5588,"date":"2023-05-23T17:44:33","date_gmt":"2023-05-23T23:44:33","guid":{"rendered":"http:\/\/elveracruzano.vip\/?p=5588"},"modified":"2023-05-23T17:55:46","modified_gmt":"2023-05-23T23:55:46","slug":"programa-a-pedir-de-boca-sigue-fortaleciendo-la-economia-de-boca-del-rio-jm_unanue-_bocadelrio","status":"publish","type":"post","link":"https:\/\/elveracruzano.vip\/?p=5588","title":{"rendered":"Programa \u00abA Pedir de Boca\u00bb sigue fortaleciendo la econom\u00eda de Boca del R\u00edo \/ @JM_UNANUE @_BocadelRio >>>"},"content":{"rendered":"\n<p><strong>#BocaDelR\u00edo, #Ver.-<\/strong> Los empresarios y comerciantes encontrar\u00e1n en Boca del R\u00edo las puertas abiertas para invertir, as\u00ed como las facilidades para establecerse en la ciudad, dijo el Alcalde Juan Manuel Un\u00e1nue Abascal.<\/p>\n\n\n\n<p>Esto tras el nacimiento de uno de los programas \u00fanico en su tipo a nivel estatal como lo es \u201cA Pedir de Boca\u201d, que desde el 2022 se ha encargado de impulsar desde peque\u00f1os emprendedores hasta empresas ya establecidas en el \u00e1mbito gastron\u00f3mico en todo el municipio.<\/p>\n\n\n\n<p>\u201cSeguimos teniendo comentarios positivos de los primeros beneficiados y por supuesto de los que se van sumando, sabemos que hoy en d\u00eda las redes sociales tienen un papel importante, as\u00ed que continuaremos apoyando todo tipo de negocios, el objetivo de este proyecto es promocionarlos, darlos a conocer\u201d, explic\u00f3 el Alcalde.<\/p>\n\n\n\n<p>En 17 meses de la actual administraci\u00f3n se han generado 4 mil 735 empleos mediante los negocios beneficiados. Con el resurgimiento del comercio local boque\u00f1o, 782 empresas de distintas dimensiones han sido favorecidas a trav\u00e9s de 840 publicaciones en las redes sociales de \u201cA Pedir de Boca\u201d.<\/p>\n\n\n\n<p>Un\u00e1nue Abascal enfatiz\u00f3 que gracias a esta iniciativa innovadora se impulsa a uno de los sectores de la econom\u00eda local, la cual fue impactada negativamente durante la emergencia sanitaria y en la actualidad viven una plena reactivaci\u00f3n.<\/p>\n\n\n\n<p>Desde inicios del segundo periodo del actual gobierno municipal, el Ejecutivo ha extendido el agradecimiento a todos los inversionistas por su confianza, as\u00ed como a los emprendedores que ven a Boca como una tierra de oportunidades.<\/p>\n\n\n\n<p><strong>#ElVeracruzanoVIP &#8211; <\/strong><a href=\"https:\/\/www.facebook.com\/ElVeracruzanoVIP\/\">El Veracruzano VIP<\/a><\/p>\n","protected":false},"excerpt":{"rendered":"<p>#BocaDelR\u00edo, #Ver.- Los empresarios y comerciantes encontrar\u00e1n en Boca del R\u00edo las puertas abiertas para invertir, as\u00ed como las facilidades<\/p>\n","protected":false},"author":4,"featured_media":5589,"comment_status":"open","ping_status":"open","sticky":false,"template":"","format":"standard","meta":{"colormag_page_container_layout":"default_layout","colormag_page_sidebar_layout":"default_layout","rop_custom_images_group":[],"rop_custom_messages_group":[],"rop_publish_now":"initial","rop_publish_now_accounts":{"facebook_109133384920963_108472061465099":""},"rop_publish_now_history":[],"rop_publish_now_status":"pending","footnotes":""},"categories":[11],"tags":[35,17,26,20,18,34,19,100,97,91,84,99,21,23,22],"class_list":["post-5588","post","type-post","status-publish","format-standard","has-post-thumbnail","hentry","category-municipios-destacados","tag-boca-del-rio","tag-cuitlahuac-garcia-jimenez","tag-el-veracruzano-vip","tag-enterate","tag-gobierno-del-estado-de-veracruz","tag-juan-manuel-unanue","tag-redes-sociales","tag-secretaria-de-economia","tag-secretaria-de-educacion-publica","tag-secretaria-de-educacion-veracruz","tag-secretaria-de-proteccion-civil-del-estado-de-veracruz","tag-secretaria-del-trabajo-y-prevision-social","tag-ultima-hora","tag-ultimas-noticias","tag-ultimo-minuto"],"_links":{"self":[{"href":"https:\/\/elveracruzano.vip\/index.php?rest_route=\/wp\/v2\/posts\/5588","targetHints":{"allow":["GET"]}}],"collection":[{"href":"https:\/\/elveracruzano.vip\/index.php?rest_route=\/wp\/v2\/posts"}],"about":[{"href":"https:\/\/elveracruzano.vip\/index.php?rest_route=\/wp\/v2\/types\/post"}],"author":[{"embeddable":true,"href":"https:\/\/elveracruzano.vip\/index.php?rest_route=\/wp\/v2\/users\/4"}],"replies":[{"embeddable":true,"href":"https:\/\/elveracruzano.vip\/index.php?rest_route=%2Fwp%2Fv2%2Fcomments&post=5588"}],"version-history":[{"count":2,"href":"https:\/\/elveracruzano.vip\/index.php?rest_route=\/wp\/v2\/posts\/5588\/revisions"}],"predecessor-version":[{"id":5602,"href":"https:\/\/elveracruzano.vip\/index.php?rest_route=\/wp\/v2\/posts\/5588\/revisions\/5602"}],"wp:featuredmedia":[{"embeddable":true,"href":"https:\/\/elveracruzano.vip\/index.php?rest_route=\/wp\/v2\/media\/5589"}],"wp:attachment":[{"href":"https:\/\/elveracruzano.vip\/index.php?rest_route=%2Fwp%2Fv2%2Fmedia&parent=5588"}],"wp:term":[{"taxonomy":"category","embeddable":true,"href":"https:\/\/elveracruzano.vip\/index.php?rest_route=%2Fwp%2Fv2%2Fcategories&post=5588"},{"taxonomy":"post_tag","embeddable":true,"href":"https:\/\/elveracruzano.vip\/index.php?rest_route=%2Fwp%2Fv2%2Ftags&post=5588"}],"curies":[{"name":"wp","href":"https:\/\/api.w.org\/{rel}","templated":true}]}}