{"id":5585,"date":"2023-05-23T17:40:16","date_gmt":"2023-05-23T23:40:16","guid":{"rendered":"http:\/\/elveracruzano.vip\/?p=5585"},"modified":"2023-05-23T17:40:17","modified_gmt":"2023-05-23T23:40:17","slug":"continua-semaforo-amarillo-fase-3-por-actividad-del-volcan-popocatepetl-presidente-andres-manuel-pide-no-generar-alarmismo-lopezobrador_-gobiernomx","status":"publish","type":"post","link":"https:\/\/elveracruzano.vip\/?p=5585","title":{"rendered":"Contin\u00faa sem\u00e1foro amarillo fase 3 por actividad del volc\u00e1n Popocat\u00e9petl; presidente Andr\u00e9s Manuel pide no generar alarmismo \/ @lopezobrador_ @GobiernoMX >>>"},"content":{"rendered":"\n<p><strong>#GobiernoDeM\u00e9xico.- <\/strong>Al encabezar la conferencia de prensa matutina, el presidente Andr\u00e9s Manuel L\u00f3pez Obrador inform\u00f3 que la actividad del volc\u00e1n Popocat\u00e9petl se mantiene en sem\u00e1foro Amarillo Fase 3; adem\u00e1s, dijo que el Gobierno de M\u00e9xico monitorea permanentemente la situaci\u00f3n e informa con oportunidad y veracidad a la poblaci\u00f3n, por lo que llam\u00f3 a no caer en el alarmismo.<\/p>\n\n\n\n<p>\u201cEs menos tambi\u00e9n la ceniza que emite, b\u00e1sicamente m\u00e1s hacia Puebla, el resto de los estados no tienen lluvia de ceniza. (\u2026) Ya se hicieron las revisiones de las v\u00edas para evacuar, que no haya ning\u00fan problema; se est\u00e1 trabajando en todo lo preventivo, pero que no haya alarma y procurar ser muy objetivo al informar para no atemorizar a la gente\u201d, indic\u00f3 el mandatario.<\/p>\n\n\n\n<p>Puntualiz\u00f3 que especialistas en la materia se re\u00fanen a fin de revisar el comportamiento del volc\u00e1n.<\/p>\n\n\n\n<p>El jefe del Ejecutivo aclar\u00f3 que los vuelos de aerol\u00edneas comerciales se restablecieron, por lo que en algunos casos el retraso en el servicio se debe a problemas internos de empresas.<\/p>\n\n\n\n<p><strong>#ElVeracruzanoVIP &#8211; <\/strong><a href=\"https:\/\/www.facebook.com\/ElVeracruzanoVIP\/\">El Veracruzano VIP<\/a><\/p>\n","protected":false},"excerpt":{"rendered":"<p>#GobiernoDeM\u00e9xico.- Al encabezar la conferencia de prensa matutina, el presidente Andr\u00e9s Manuel L\u00f3pez Obrador inform\u00f3 que la actividad del volc\u00e1n<\/p>\n","protected":false},"author":4,"featured_media":5586,"comment_status":"open","ping_status":"open","sticky":false,"template":"","format":"standard","meta":{"colormag_page_container_layout":"default_layout","colormag_page_sidebar_layout":"default_layout","rop_custom_images_group":[],"rop_custom_messages_group":[],"rop_publish_now":"initial","rop_publish_now_accounts":{"facebook_109133384920963_108472061465099":""},"rop_publish_now_history":[],"rop_publish_now_status":"pending","footnotes":""},"categories":[13],"tags":[28,17,26,20,29,18,19,100,97,91,84,99,21,23,22],"class_list":["post-5585","post","type-post","status-publish","format-standard","has-post-thumbnail","hentry","category-principales","tag-andres-manuel-lopez-obrado","tag-cuitlahuac-garcia-jimenez","tag-el-veracruzano-vip","tag-enterate","tag-gobierno-de-mexico","tag-gobierno-del-estado-de-veracruz","tag-redes-sociales","tag-secretaria-de-economia","tag-secretaria-de-educacion-publica","tag-secretaria-de-educacion-veracruz","tag-secretaria-de-proteccion-civil-del-estado-de-veracruz","tag-secretaria-del-trabajo-y-prevision-social","tag-ultima-hora","tag-ultimas-noticias","tag-ultimo-minuto"],"_links":{"self":[{"href":"https:\/\/elveracruzano.vip\/index.php?rest_route=\/wp\/v2\/posts\/5585","targetHints":{"allow":["GET"]}}],"collection":[{"href":"https:\/\/elveracruzano.vip\/index.php?rest_route=\/wp\/v2\/posts"}],"about":[{"href":"https:\/\/elveracruzano.vip\/index.php?rest_route=\/wp\/v2\/types\/post"}],"author":[{"embeddable":true,"href":"https:\/\/elveracruzano.vip\/index.php?rest_route=\/wp\/v2\/users\/4"}],"replies":[{"embeddable":true,"href":"https:\/\/elveracruzano.vip\/index.php?rest_route=%2Fwp%2Fv2%2Fcomments&post=5585"}],"version-history":[{"count":1,"href":"https:\/\/elveracruzano.vip\/index.php?rest_route=\/wp\/v2\/posts\/5585\/revisions"}],"predecessor-version":[{"id":5587,"href":"https:\/\/elveracruzano.vip\/index.php?rest_route=\/wp\/v2\/posts\/5585\/revisions\/5587"}],"wp:featuredmedia":[{"embeddable":true,"href":"https:\/\/elveracruzano.vip\/index.php?rest_route=\/wp\/v2\/media\/5586"}],"wp:attachment":[{"href":"https:\/\/elveracruzano.vip\/index.php?rest_route=%2Fwp%2Fv2%2Fmedia&parent=5585"}],"wp:term":[{"taxonomy":"category","embeddable":true,"href":"https:\/\/elveracruzano.vip\/index.php?rest_route=%2Fwp%2Fv2%2Fcategories&post=5585"},{"taxonomy":"post_tag","embeddable":true,"href":"https:\/\/elveracruzano.vip\/index.php?rest_route=%2Fwp%2Fv2%2Ftags&post=5585"}],"curies":[{"name":"wp","href":"https:\/\/api.w.org\/{rel}","templated":true}]}}