{"id":5569,"date":"2023-05-18T18:04:40","date_gmt":"2023-05-19T00:04:40","guid":{"rendered":"http:\/\/elveracruzano.vip\/?p=5569"},"modified":"2023-05-18T18:06:44","modified_gmt":"2023-05-19T00:06:44","slug":"realizan-foro-por-el-dia-internacional-de-la-lucha-contra-la-homofobia-y-transfobia-en-coatzacoalcos-cruzmalpica-coatzagob","status":"publish","type":"post","link":"https:\/\/elveracruzano.vip\/?p=5569","title":{"rendered":"Se llev\u00f3 a cabo \u201cForo por el D\u00eda Internacional de la Lucha contra la Homofobia y Transfobia\u201d en Coatzacoalcos \/ @CruzMalpica @coatzagob >>>"},"content":{"rendered":"\n<p><strong>#Coatzacoalcos, #Ver.-<\/strong> Por segunda ocasi\u00f3n, el Ayuntamiento que preside Amado Cruz Malpica, en coordinaci\u00f3n con la comunidad LGBT, realiza el \u201cForo por el D\u00eda Internacional de la Lucha contra la Homofobia y Transfobia\u201d como parte de la promoci\u00f3n de los derechos humanos y la igualdad.<\/p>\n\n\n\n<p>En la Sala de Cabildo se llev\u00f3 a cabo este foro coordinado por la Oficina de Enlace del Gobierno Municipal con Asociaciones Civiles y Grupos Vulnerables, que tuvo como finalidad contribuir a eliminar la discriminaci\u00f3n y el estigma que padece este sector de la poblaci\u00f3n.<\/p>\n\n\n\n<p>El presidente del colectivo Ambientales de diversidad sexual, Luis Geovani P\u00e9rez, agradeci\u00f3 a Cruz Malpica el permitir que estos temas que visibilizan a la comunidad LGBT sigan avanzando.<\/p>\n\n\n\n<p>\u201cEs la segunda vez que se realiza aqu\u00ed en el municipio de Coatzacoalcos desde que comenz\u00f3 esta administraci\u00f3n, habla de que hay puertas abiertas para todas las personas y esto es importante para nosotros\u201d, se\u00f1al\u00f3.<\/p>\n\n\n\n<p>En representaci\u00f3n del presidente municipal, Amado Cruz Malpica, el profesor Jos\u00e9 Manuel M\u00e9ndez Flores, remarc\u00f3 que, desde el inicio, el mensaje que el edil porte\u00f1o ha enviado a la sociedad es que este gobierno es inclusivo, al tiempo de reconocer el trabajo que durante diez a\u00f1os ha realizado Geovani P\u00e9rez.<\/p>\n\n\n\n<p><strong>#ElVeracruzanoVIP &#8211; <\/strong><a href=\"https:\/\/www.facebook.com\/ElVeracruzanoVIP\/\">El Veracruzano VIP<\/a><\/p>\n","protected":false},"excerpt":{"rendered":"<p>#Coatzacoalcos, #Ver.- Por segunda ocasi\u00f3n, el Ayuntamiento que preside Amado Cruz Malpica, en coordinaci\u00f3n con la comunidad LGBT, realiza el<\/p>\n","protected":false},"author":4,"featured_media":5570,"comment_status":"open","ping_status":"open","sticky":false,"template":"","format":"standard","meta":{"colormag_page_container_layout":"default_layout","colormag_page_sidebar_layout":"default_layout","rop_custom_images_group":[],"rop_custom_messages_group":[],"rop_publish_now":"initial","rop_publish_now_accounts":{"facebook_109133384920963_108472061465099":""},"rop_publish_now_history":[],"rop_publish_now_status":"pending","footnotes":""},"categories":[10],"tags":[78,37,17,26,20,18,19,97,91,84,98,99,21,23,22],"class_list":["post-5569","post","type-post","status-publish","format-standard","has-post-thumbnail","hentry","category-municipios","tag-amado-cruz-malpica","tag-coatzacoalcos","tag-cuitlahuac-garcia-jimenez","tag-el-veracruzano-vip","tag-enterate","tag-gobierno-del-estado-de-veracruz","tag-redes-sociales","tag-secretaria-de-educacion-publica","tag-secretaria-de-educacion-veracruz","tag-secretaria-de-proteccion-civil-del-estado-de-veracruz","tag-secretaria-del-medio-ambiente","tag-secretaria-del-trabajo-y-prevision-social","tag-ultima-hora","tag-ultimas-noticias","tag-ultimo-minuto"],"_links":{"self":[{"href":"https:\/\/elveracruzano.vip\/index.php?rest_route=\/wp\/v2\/posts\/5569","targetHints":{"allow":["GET"]}}],"collection":[{"href":"https:\/\/elveracruzano.vip\/index.php?rest_route=\/wp\/v2\/posts"}],"about":[{"href":"https:\/\/elveracruzano.vip\/index.php?rest_route=\/wp\/v2\/types\/post"}],"author":[{"embeddable":true,"href":"https:\/\/elveracruzano.vip\/index.php?rest_route=\/wp\/v2\/users\/4"}],"replies":[{"embeddable":true,"href":"https:\/\/elveracruzano.vip\/index.php?rest_route=%2Fwp%2Fv2%2Fcomments&post=5569"}],"version-history":[{"count":2,"href":"https:\/\/elveracruzano.vip\/index.php?rest_route=\/wp\/v2\/posts\/5569\/revisions"}],"predecessor-version":[{"id":5573,"href":"https:\/\/elveracruzano.vip\/index.php?rest_route=\/wp\/v2\/posts\/5569\/revisions\/5573"}],"wp:featuredmedia":[{"embeddable":true,"href":"https:\/\/elveracruzano.vip\/index.php?rest_route=\/wp\/v2\/media\/5570"}],"wp:attachment":[{"href":"https:\/\/elveracruzano.vip\/index.php?rest_route=%2Fwp%2Fv2%2Fmedia&parent=5569"}],"wp:term":[{"taxonomy":"category","embeddable":true,"href":"https:\/\/elveracruzano.vip\/index.php?rest_route=%2Fwp%2Fv2%2Fcategories&post=5569"},{"taxonomy":"post_tag","embeddable":true,"href":"https:\/\/elveracruzano.vip\/index.php?rest_route=%2Fwp%2Fv2%2Ftags&post=5569"}],"curies":[{"name":"wp","href":"https:\/\/api.w.org\/{rel}","templated":true}]}}