{"id":5566,"date":"2023-05-18T18:01:26","date_gmt":"2023-05-19T00:01:26","guid":{"rendered":"http:\/\/elveracruzano.vip\/?p=5566"},"modified":"2023-05-18T18:01:27","modified_gmt":"2023-05-19T00:01:27","slug":"en-tijuana-baja-california-realizara-immujer-rally-por-la-prevencion-de-la-violencia-en-ninos-y-adolescentes-montserrat4t-gobtijuanamx","status":"publish","type":"post","link":"https:\/\/elveracruzano.vip\/?p=5566","title":{"rendered":"En Tijuana, Baja California, realizar\u00e1 IMMUJER rally por la prevenci\u00f3n de la violencia en ni\u00f1os y adolescentes \/ @Montserrat4T @gobtijuanamx >>>"},"content":{"rendered":"\n<p><strong>#Tijuana, #B.C.-<\/strong>&nbsp;Con la finalidad de prevenir la violencia contra ni\u00f1as y mujeres y fomentar una vida libre de violencia, el Instituto Municipal de la Mujer (IMMUJER) present\u00f3 a trav\u00e9s de una conferencia de prensa, el \u00abRally Naranja, por la prevenci\u00f3n de la violencia en ni\u00f1os, ni\u00f1as y adolescentes\u00bb que se llevar\u00e1 a cabo el 25 de mayo del presente a\u00f1o a partir de las 8:00 horas.<\/p>\n\n\n\n<p>La titular de la dependencia, Tanya Alejandra Mota Alvarado, destac\u00f3 que la actividad se realizar\u00e1 el D\u00eda Naranja, el cual se conmemora los d\u00edas 25 de cada mes como parte de la iniciativa internacional \u00danete, campa\u00f1a que se reafirma en el XXIV Ayuntamiento encabezado por la alcaldesa Montserrat Caballero Ram\u00edrez.<\/p>\n\n\n\n<p>Mota Alvarado mencion\u00f3 que ser\u00e1 el Parque Morelos quien reciba a alrededor de 200 estudiantes entre 12 y 15 a\u00f1os, de escuelas que pertenecen a zonas prioritarias en materia de seguridad, para participar en el rally.<\/p>\n\n\n\n<p>De manera que a trav\u00e9s de din\u00e1micas deportivas y l\u00fadicas, diferentes paramunicipales de la Secretar\u00eda de Bienestar, la Secretar\u00eda de Seguridad y Protecci\u00f3n Ciudadana Municipal (SSPCM) y sector privado instalar\u00e1n m\u00f3dulos que les permitan a los j\u00f3venes desarrollar conocimientos y herramientas que eviten situaciones de violencia en su escuela, dentro de su familia o c\u00edrculo de amigos.<\/p>\n\n\n\n<p>La directora de IMMUJER detall\u00f3 que los m\u00f3dulos estar\u00e1n distribuidos en seis ejes, los cuales son Herramientas de seguridad, Desarrollo humano integral, Cultura de la paz, Deporte, Arte y Prevenci\u00f3n del delito.<\/p>\n\n\n\n<p><strong>#ElVeracruzanoVIP &#8211; <\/strong><a href=\"https:\/\/www.facebook.com\/ElVeracruzanoVIP\/\">El Veracruzano VIP<\/a><\/p>\n","protected":false},"excerpt":{"rendered":"<p>#Tijuana, #B.C.-&nbsp;Con la finalidad de prevenir la violencia contra ni\u00f1as y mujeres y fomentar una vida libre de violencia, el<\/p>\n","protected":false},"author":4,"featured_media":5567,"comment_status":"open","ping_status":"open","sticky":false,"template":"","format":"standard","meta":{"colormag_page_container_layout":"default_layout","colormag_page_sidebar_layout":"default_layout","rop_custom_images_group":[],"rop_custom_messages_group":[],"rop_publish_now":"initial","rop_publish_now_accounts":{"facebook_109133384920963_108472061465099":""},"rop_publish_now_history":[],"rop_publish_now_status":"pending","footnotes":""},"categories":[12],"tags":[68,17,26,20,18,95,19,100,97,91,84,98,21,23,22],"class_list":["post-5566","post","type-post","status-publish","format-standard","has-post-thumbnail","hentry","category-municipios-en-mexico","tag-ayuntamiento-de-tijuana","tag-cuitlahuac-garcia-jimenez","tag-el-veracruzano-vip","tag-enterate","tag-gobierno-del-estado-de-veracruz","tag-montserrat-caballero-ramirez","tag-redes-sociales","tag-secretaria-de-economia","tag-secretaria-de-educacion-publica","tag-secretaria-de-educacion-veracruz","tag-secretaria-de-proteccion-civil-del-estado-de-veracruz","tag-secretaria-del-medio-ambiente","tag-ultima-hora","tag-ultimas-noticias","tag-ultimo-minuto"],"_links":{"self":[{"href":"https:\/\/elveracruzano.vip\/index.php?rest_route=\/wp\/v2\/posts\/5566","targetHints":{"allow":["GET"]}}],"collection":[{"href":"https:\/\/elveracruzano.vip\/index.php?rest_route=\/wp\/v2\/posts"}],"about":[{"href":"https:\/\/elveracruzano.vip\/index.php?rest_route=\/wp\/v2\/types\/post"}],"author":[{"embeddable":true,"href":"https:\/\/elveracruzano.vip\/index.php?rest_route=\/wp\/v2\/users\/4"}],"replies":[{"embeddable":true,"href":"https:\/\/elveracruzano.vip\/index.php?rest_route=%2Fwp%2Fv2%2Fcomments&post=5566"}],"version-history":[{"count":1,"href":"https:\/\/elveracruzano.vip\/index.php?rest_route=\/wp\/v2\/posts\/5566\/revisions"}],"predecessor-version":[{"id":5568,"href":"https:\/\/elveracruzano.vip\/index.php?rest_route=\/wp\/v2\/posts\/5566\/revisions\/5568"}],"wp:featuredmedia":[{"embeddable":true,"href":"https:\/\/elveracruzano.vip\/index.php?rest_route=\/wp\/v2\/media\/5567"}],"wp:attachment":[{"href":"https:\/\/elveracruzano.vip\/index.php?rest_route=%2Fwp%2Fv2%2Fmedia&parent=5566"}],"wp:term":[{"taxonomy":"category","embeddable":true,"href":"https:\/\/elveracruzano.vip\/index.php?rest_route=%2Fwp%2Fv2%2Fcategories&post=5566"},{"taxonomy":"post_tag","embeddable":true,"href":"https:\/\/elveracruzano.vip\/index.php?rest_route=%2Fwp%2Fv2%2Ftags&post=5566"}],"curies":[{"name":"wp","href":"https:\/\/api.w.org\/{rel}","templated":true}]}}