{"id":5554,"date":"2023-05-18T17:50:28","date_gmt":"2023-05-18T23:50:28","guid":{"rendered":"http:\/\/elveracruzano.vip\/?p=5554"},"modified":"2023-05-18T17:50:30","modified_gmt":"2023-05-18T23:50:30","slug":"acompana-presidente-municipal-de-cordoba-a-secretario-de-sedesol-a-reunion-con-vecinos-de-la-colonia-cerezos-pdtejuanmtnez-aytocordobaver","status":"publish","type":"post","link":"https:\/\/elveracruzano.vip\/?p=5554","title":{"rendered":"Acompa\u00f1a presidente municipal de C\u00f3rdoba a Secretario de Sedesol a reuni\u00f3n con vecinos de la colonia Cerezos \/ @PdteJuanMtnez @AytoCordobaVer >>>"},"content":{"rendered":"\n<p><strong>C\u00f3rdoba, #Ver.-<\/strong> El presidente municipal, Juan Mart\u00ednez Flores acompa\u00f1\u00f3 al Secretario de Desarrollo Social, Guillermo Fern\u00e1ndez S\u00e1nchez, al domo de la colonia Los Cerezos para presentar las dependencias que integran el programa Proveer Desarrollo y Bienestar con un enfoque para dar atenci\u00f3n prioritaria a las zonas territoriales consideradas de vulnerabilidad social.<\/p>\n\n\n\n<p>Por su parte, el Secretario de Sedesol, Guillermo Fern\u00e1ndez S\u00e1nchez, indic\u00f3 que a trav\u00e9s de la dependencia se cuenta con un equipo de trabajo denominado \u00abSembradores\u00bb, quienes realizan visitas casa por casa para hacer un censo e identificar las necesidades apremiantes de la poblaci\u00f3n para someter a un an\u00e1lisis y beneficiar con programas que van desde vivienda, obra p\u00fablica, emprendimiento, construcci\u00f3n de huertos, entre otros.<\/p>\n\n\n\n<p>El director de Desarrollo Social del Ayuntamiento de C\u00f3rdoba, Daniel Hern\u00e1ndez del \u00c1ngel, expres\u00f3 que de esta manera se da muestra una vez m\u00e1s de la suma de esfuerzos entre el gobierno local y estatal para que el municipio progrese. Sin embargo, ahora se tiene la oportunidad de ir reconstruyendo a C\u00f3rdoba con apoyo del gobierno del estado a trav\u00e9s de los programas que se dispersan a los Veracruzanos.<\/p>\n\n\n\n<p>Con la presencia del Director de los programas sociales, Antonio Morales Molina; del coordinador Territorial, Marco Antonio Olmos Tovar; la ciudadana Manuela L\u00f3pez S\u00e1nchez, beneficiaria del Programa Mujeres Emprendedoras, se realiz\u00f3 la entrega de reconocimientos simb\u00f3licos a beneficiarias por haber concluido con la capacitaci\u00f3n para impulsar sus negocios.<\/p>\n\n\n\n<p><strong>#ElVeracruzanoVIP &#8211; <\/strong><a href=\"https:\/\/www.facebook.com\/ElVeracruzanoVIP\/\">El Veracruzano VIP<\/a><\/p>\n","protected":false},"excerpt":{"rendered":"<p>C\u00f3rdoba, #Ver.- El presidente municipal, Juan Mart\u00ednez Flores acompa\u00f1\u00f3 al Secretario de Desarrollo Social, Guillermo Fern\u00e1ndez S\u00e1nchez, al domo de<\/p>\n","protected":false},"author":4,"featured_media":5555,"comment_status":"open","ping_status":"open","sticky":false,"template":"","format":"standard","meta":{"colormag_page_container_layout":"default_layout","colormag_page_sidebar_layout":"default_layout","rop_custom_images_group":[],"rop_custom_messages_group":[],"rop_publish_now":"initial","rop_publish_now_accounts":{"facebook_109133384920963_108472061465099":""},"rop_publish_now_history":[],"rop_publish_now_status":"pending","footnotes":""},"categories":[11],"tags":[36,17,26,20,18,66,19,97,91,84,98,99,21,23,22],"class_list":["post-5554","post","type-post","status-publish","format-standard","has-post-thumbnail","hentry","category-municipios-destacados","tag-cordoba","tag-cuitlahuac-garcia-jimenez","tag-el-veracruzano-vip","tag-enterate","tag-gobierno-del-estado-de-veracruz","tag-juan-martinez-flores","tag-redes-sociales","tag-secretaria-de-educacion-publica","tag-secretaria-de-educacion-veracruz","tag-secretaria-de-proteccion-civil-del-estado-de-veracruz","tag-secretaria-del-medio-ambiente","tag-secretaria-del-trabajo-y-prevision-social","tag-ultima-hora","tag-ultimas-noticias","tag-ultimo-minuto"],"_links":{"self":[{"href":"https:\/\/elveracruzano.vip\/index.php?rest_route=\/wp\/v2\/posts\/5554","targetHints":{"allow":["GET"]}}],"collection":[{"href":"https:\/\/elveracruzano.vip\/index.php?rest_route=\/wp\/v2\/posts"}],"about":[{"href":"https:\/\/elveracruzano.vip\/index.php?rest_route=\/wp\/v2\/types\/post"}],"author":[{"embeddable":true,"href":"https:\/\/elveracruzano.vip\/index.php?rest_route=\/wp\/v2\/users\/4"}],"replies":[{"embeddable":true,"href":"https:\/\/elveracruzano.vip\/index.php?rest_route=%2Fwp%2Fv2%2Fcomments&post=5554"}],"version-history":[{"count":1,"href":"https:\/\/elveracruzano.vip\/index.php?rest_route=\/wp\/v2\/posts\/5554\/revisions"}],"predecessor-version":[{"id":5556,"href":"https:\/\/elveracruzano.vip\/index.php?rest_route=\/wp\/v2\/posts\/5554\/revisions\/5556"}],"wp:featuredmedia":[{"embeddable":true,"href":"https:\/\/elveracruzano.vip\/index.php?rest_route=\/wp\/v2\/media\/5555"}],"wp:attachment":[{"href":"https:\/\/elveracruzano.vip\/index.php?rest_route=%2Fwp%2Fv2%2Fmedia&parent=5554"}],"wp:term":[{"taxonomy":"category","embeddable":true,"href":"https:\/\/elveracruzano.vip\/index.php?rest_route=%2Fwp%2Fv2%2Fcategories&post=5554"},{"taxonomy":"post_tag","embeddable":true,"href":"https:\/\/elveracruzano.vip\/index.php?rest_route=%2Fwp%2Fv2%2Ftags&post=5554"}],"curies":[{"name":"wp","href":"https:\/\/api.w.org\/{rel}","templated":true}]}}