{"id":5530,"date":"2023-05-16T17:43:24","date_gmt":"2023-05-16T23:43:24","guid":{"rendered":"http:\/\/elveracruzano.vip\/?p=5530"},"modified":"2023-05-16T17:43:25","modified_gmt":"2023-05-16T23:43:25","slug":"sedema-y-jovenes-realizan-jornadas-de-limpieza-en-areas-naturales-protegidas-cuitlahuacgj-gobiernover","status":"publish","type":"post","link":"https:\/\/elveracruzano.vip\/?p=5530","title":{"rendered":"SEDEMA y j\u00f3venes realizan jornadas de limpieza en \u00c1reas Naturales Protegidas \/ @CuitlahuacGJ @GobiernoVer >>>"},"content":{"rendered":"\n<p><strong>#GobiernoDeVeracruz.<\/strong>&#8211; En el marco del D\u00eda Mundial del Reciclaje, la Secretar\u00eda de Medio Ambiente (SEDEMA) y el Instituto Veracruzano de la Juventud llevaron a cabo una jornada de limpieza de \u00c1reas Naturales Protegidas.<\/p>\n\n\n\n<p>Mediante el programa\u00a0J\u00f3venes Promotores Ambientales,\u00a0alrededor de mil j\u00f3venes participaron en la limpieza simult\u00e1nea de 13 municipios, teniendo como sede central el Paseo de los Ahuehuetes en Ciudad Mendoza y recolectando cerca de siete toneladas de residuos.<\/p>\n\n\n\n<p>Al respecto, la directora de Vinculaci\u00f3n Social y Cultura Ambiental de SEDEMA, Brenda Joan Soto, destac\u00f3 la importancia de cuidar el medio ambiente desde el hogar, ya que la responsabilidad recae no s\u00f3lo en las instancias gubernamentales, sino en toda la ciudadan\u00eda.<\/p>\n\n\n\n<p>Por su parte, el director del Instituto Veracruzano de la Juventud, Jonathan Yunuel Ram\u00edrez, enfatiz\u00f3 que esta administraci\u00f3n se ha enfocado en poner a las juventudes en el centro de la agenda p\u00fablica al considerarlas agentes de cambio.<\/p>\n\n\n\n<p>\u201cLa juventud est\u00e1 siendo el presente, en nuestro estado y nuestra sociedad y se ha reconocido su valor en el desarrollo social, econ\u00f3mico y medio ambiental\u201d.<\/p>\n\n\n\n<p>Algunos de los objetivos principales del proyecto son concientizar sobre el cuidado del entorno; limpiar zonas que requer\u00edan intervenci\u00f3n y la colaboraci\u00f3n de la sociedad civil en actividades de protecci\u00f3n de los recursos naturales.<\/p>\n\n\n\n<p><strong>#ElVeracruzanoVIP &#8211; <\/strong><a href=\"https:\/\/www.facebook.com\/ElVeracruzanoVIP\/\">El Veracruzano VIP<\/a><\/p>\n","protected":false},"excerpt":{"rendered":"<p>#GobiernoDeVeracruz.&#8211; En el marco del D\u00eda Mundial del Reciclaje, la Secretar\u00eda de Medio Ambiente (SEDEMA) y el Instituto Veracruzano de<\/p>\n","protected":false},"author":4,"featured_media":5531,"comment_status":"open","ping_status":"open","sticky":false,"template":"","format":"standard","meta":{"colormag_page_container_layout":"default_layout","colormag_page_sidebar_layout":"default_layout","rop_custom_images_group":[],"rop_custom_messages_group":[],"rop_publish_now":"initial","rop_publish_now_accounts":{"facebook_109133384920963_108472061465099":""},"rop_publish_now_history":[],"rop_publish_now_status":"pending","footnotes":""},"categories":[14],"tags":[17,26,20,18,19,97,91,84,98,99,21,23,22],"class_list":["post-5530","post","type-post","status-publish","format-standard","has-post-thumbnail","hentry","category-secretarias","tag-cuitlahuac-garcia-jimenez","tag-el-veracruzano-vip","tag-enterate","tag-gobierno-del-estado-de-veracruz","tag-redes-sociales","tag-secretaria-de-educacion-publica","tag-secretaria-de-educacion-veracruz","tag-secretaria-de-proteccion-civil-del-estado-de-veracruz","tag-secretaria-del-medio-ambiente","tag-secretaria-del-trabajo-y-prevision-social","tag-ultima-hora","tag-ultimas-noticias","tag-ultimo-minuto"],"_links":{"self":[{"href":"https:\/\/elveracruzano.vip\/index.php?rest_route=\/wp\/v2\/posts\/5530","targetHints":{"allow":["GET"]}}],"collection":[{"href":"https:\/\/elveracruzano.vip\/index.php?rest_route=\/wp\/v2\/posts"}],"about":[{"href":"https:\/\/elveracruzano.vip\/index.php?rest_route=\/wp\/v2\/types\/post"}],"author":[{"embeddable":true,"href":"https:\/\/elveracruzano.vip\/index.php?rest_route=\/wp\/v2\/users\/4"}],"replies":[{"embeddable":true,"href":"https:\/\/elveracruzano.vip\/index.php?rest_route=%2Fwp%2Fv2%2Fcomments&post=5530"}],"version-history":[{"count":2,"href":"https:\/\/elveracruzano.vip\/index.php?rest_route=\/wp\/v2\/posts\/5530\/revisions"}],"predecessor-version":[{"id":5533,"href":"https:\/\/elveracruzano.vip\/index.php?rest_route=\/wp\/v2\/posts\/5530\/revisions\/5533"}],"wp:featuredmedia":[{"embeddable":true,"href":"https:\/\/elveracruzano.vip\/index.php?rest_route=\/wp\/v2\/media\/5531"}],"wp:attachment":[{"href":"https:\/\/elveracruzano.vip\/index.php?rest_route=%2Fwp%2Fv2%2Fmedia&parent=5530"}],"wp:term":[{"taxonomy":"category","embeddable":true,"href":"https:\/\/elveracruzano.vip\/index.php?rest_route=%2Fwp%2Fv2%2Fcategories&post=5530"},{"taxonomy":"post_tag","embeddable":true,"href":"https:\/\/elveracruzano.vip\/index.php?rest_route=%2Fwp%2Fv2%2Ftags&post=5530"}],"curies":[{"name":"wp","href":"https:\/\/api.w.org\/{rel}","templated":true}]}}