{"id":5463,"date":"2023-05-09T13:30:44","date_gmt":"2023-05-09T19:30:44","guid":{"rendered":"http:\/\/elveracruzano.vip\/?p=5463"},"modified":"2023-05-09T13:30:46","modified_gmt":"2023-05-09T19:30:46","slug":"se-llevo-a-cabo-recorrido-como-parte-del-programa-anfitriones-turisticos-en-tepic-nayarit-geraldineponcem-gobiernodetepic","status":"publish","type":"post","link":"https:\/\/elveracruzano.vip\/?p=5463","title":{"rendered":"Se llev\u00f3 a cabo recorrido como parte del programa Anfitriones Tur\u00edsticos en Tepic, Nayarit \/ @GeraldinePonceM @Gobiernodetepic >>>"},"content":{"rendered":"\n<p><strong>#Tepic, #Nay.-&nbsp;<\/strong>El Gobierno de Tepic y la Secretar\u00eda de Turismo, lanzaron el primer recorrido \u00abAlmas Eternas al son del Mictl\u00e1n\u00bb, como parte del programa Anfitriones Tur\u00edsticos.<\/p>\n\n\n\n<p>El municipio agradeci\u00f3 a quienes asistieron para conocer un poco m\u00e1s de la historia del Pante\u00f3n Hidalgo.<\/p>\n\n\n\n<figure class=\"wp-block-image aligncenter size-medium is-resized\"><img loading=\"lazy\" decoding=\"async\" src=\"http:\/\/elveracruzano.vip\/wp-content\/uploads\/2023\/05\/tepic-tex-300x200.jpg\" alt=\"\" class=\"wp-image-5464\" width=\"540\" height=\"360\" srcset=\"https:\/\/elveracruzano.vip\/wp-content\/uploads\/2023\/05\/tepic-tex-300x200.jpg 300w, https:\/\/elveracruzano.vip\/wp-content\/uploads\/2023\/05\/tepic-tex-768x512.jpg 768w, https:\/\/elveracruzano.vip\/wp-content\/uploads\/2023\/05\/tepic-tex-600x400.jpg 600w, https:\/\/elveracruzano.vip\/wp-content\/uploads\/2023\/05\/tepic-tex.jpg 1024w\" sizes=\"auto, (max-width: 540px) 100vw, 540px\" \/><\/figure>\n\n\n\n<p><strong>#ElVeracruzanoVIP &#8211; <\/strong><a href=\"https:\/\/www.facebook.com\/ElVeracruzanoVIP\/\">El Veracruzano VIP<\/a><\/p>\n","protected":false},"excerpt":{"rendered":"<p>#Tepic, #Nay.-&nbsp;El Gobierno de Tepic y la Secretar\u00eda de Turismo, lanzaron el primer recorrido \u00abAlmas Eternas al son del Mictl\u00e1n\u00bb,<\/p>\n","protected":false},"author":4,"featured_media":5465,"comment_status":"open","ping_status":"open","sticky":false,"template":"","format":"standard","meta":{"colormag_page_container_layout":"default_layout","colormag_page_sidebar_layout":"default_layout","rop_custom_images_group":[],"rop_custom_messages_group":[],"rop_publish_now":"initial","rop_publish_now_accounts":{"facebook_109133384920963_108472061465099":""},"rop_publish_now_history":[],"rop_publish_now_status":"pending","footnotes":""},"categories":[12],"tags":[70,17,26,20,103,18,19,100,97,91,84,99,21,23,22],"class_list":["post-5463","post","type-post","status-publish","format-standard","has-post-thumbnail","hentry","category-municipios-en-mexico","tag-ayuntamiento-de-tepic","tag-cuitlahuac-garcia-jimenez","tag-el-veracruzano-vip","tag-enterate","tag-geraldine-ponce","tag-gobierno-del-estado-de-veracruz","tag-redes-sociales","tag-secretaria-de-economia","tag-secretaria-de-educacion-publica","tag-secretaria-de-educacion-veracruz","tag-secretaria-de-proteccion-civil-del-estado-de-veracruz","tag-secretaria-del-trabajo-y-prevision-social","tag-ultima-hora","tag-ultimas-noticias","tag-ultimo-minuto"],"_links":{"self":[{"href":"https:\/\/elveracruzano.vip\/index.php?rest_route=\/wp\/v2\/posts\/5463","targetHints":{"allow":["GET"]}}],"collection":[{"href":"https:\/\/elveracruzano.vip\/index.php?rest_route=\/wp\/v2\/posts"}],"about":[{"href":"https:\/\/elveracruzano.vip\/index.php?rest_route=\/wp\/v2\/types\/post"}],"author":[{"embeddable":true,"href":"https:\/\/elveracruzano.vip\/index.php?rest_route=\/wp\/v2\/users\/4"}],"replies":[{"embeddable":true,"href":"https:\/\/elveracruzano.vip\/index.php?rest_route=%2Fwp%2Fv2%2Fcomments&post=5463"}],"version-history":[{"count":1,"href":"https:\/\/elveracruzano.vip\/index.php?rest_route=\/wp\/v2\/posts\/5463\/revisions"}],"predecessor-version":[{"id":5466,"href":"https:\/\/elveracruzano.vip\/index.php?rest_route=\/wp\/v2\/posts\/5463\/revisions\/5466"}],"wp:featuredmedia":[{"embeddable":true,"href":"https:\/\/elveracruzano.vip\/index.php?rest_route=\/wp\/v2\/media\/5465"}],"wp:attachment":[{"href":"https:\/\/elveracruzano.vip\/index.php?rest_route=%2Fwp%2Fv2%2Fmedia&parent=5463"}],"wp:term":[{"taxonomy":"category","embeddable":true,"href":"https:\/\/elveracruzano.vip\/index.php?rest_route=%2Fwp%2Fv2%2Fcategories&post=5463"},{"taxonomy":"post_tag","embeddable":true,"href":"https:\/\/elveracruzano.vip\/index.php?rest_route=%2Fwp%2Fv2%2Ftags&post=5463"}],"curies":[{"name":"wp","href":"https:\/\/api.w.org\/{rel}","templated":true}]}}