{"id":5419,"date":"2023-05-02T17:40:21","date_gmt":"2023-05-02T23:40:21","guid":{"rendered":"http:\/\/elveracruzano.vip\/?p=5419"},"modified":"2023-05-02T17:40:22","modified_gmt":"2023-05-02T23:40:22","slug":"inauguro-sectur-el-campeonato-nacional-de-ajedrez-mi-veracruz-cuitlahuacgj-gobiernover","status":"publish","type":"post","link":"https:\/\/elveracruzano.vip\/?p=5419","title":{"rendered":"Inaugur\u00f3 SECTUR el Campeonato Nacional de Ajedrez Mi Veracruz \/ @CuitlahuacGJ @GobiernoVer >>>"},"content":{"rendered":"\n<p><strong>#GobiernoDeVeracruz.-<\/strong> Con el aval de la Federaci\u00f3n Nacional de Ajedrez de M\u00e9xico A.C. fue inaugurado formalmente el Primer Campeonato Nacional de Ajedrez\u00a0Mi Veracruz; en los tres d\u00edas de competencia de este deporte\u2013ciencia participan m\u00e1s de 600 jugadores en el Kan\u00e1, Museo de Ciencia y Tecnolog\u00eda de Veracruz.<\/p>\n\n\n\n<p>Destaca la presencia del actual campe\u00f3n nacional de la Categor\u00eda Sub-12, Brayan Abimael Salas Carbajal; tambi\u00e9n arribaron jugadores de 20 estados de la Rep\u00fablica y de Colombia, Costa Rica, Cuba, Per\u00fa y Venezuela quienes tienen una bolsa superior a los 400 mil pesos en premios repartidos en ocho categor\u00edas.<\/p>\n\n\n\n<p>El campeonato nacional de ajedrez\u00a0Mi Veracruz de manera alterna realiza talleres infantiles, presentaciones art\u00edsticas y culturales, as\u00ed como expoventa artesanal y gastron\u00f3mica. <\/p>\n\n\n\n<p>El secretario de Turismo y Cultura, Iv\u00e1n Mart\u00ednez Olvera, destac\u00f3 la proyecci\u00f3n otorgada por esta competencia fraterna, proyectando a la entidad como un destino atractivo. \u201cEs un esfuerzo del Estado en conjunto con la iniciativa privada y la sociedad que ha llevado a este campeonato a ser el segundo m\u00e1s grande del pa\u00eds en solo su primera experiencia\u201d.<\/p>\n\n\n\n<p>En el acto inaugural estuvieron presentes el secretario t\u00e9cnico del Consejo Interinstitucional Veracruzano de Educaci\u00f3n, Ernesto Efr\u00e9n del Moral Ventura; el presidente de la Asociaci\u00f3n de Ajedrecistas Veracruzanos, Daniel Hern\u00e1ndez Hern\u00e1ndez; de la Subcomisi\u00f3n de Ajedrez Educativo, Julieta Jim\u00e9nez Torres, y el expresidente de la Federaci\u00f3n Nacional de Ajedrez, Jos\u00e9 Alberto Hern\u00e1ndez Melgarejo.<\/p>\n\n\n\n<p><strong>#ElVeracruzanoVIP &#8211; <\/strong><a href=\"https:\/\/www.facebook.com\/ElVeracruzanoVIP\/\">El Veracruzano VIP<\/a><\/p>\n","protected":false},"excerpt":{"rendered":"<p>#GobiernoDeVeracruz.- Con el aval de la Federaci\u00f3n Nacional de Ajedrez de M\u00e9xico A.C. fue inaugurado formalmente el Primer Campeonato Nacional<\/p>\n","protected":false},"author":4,"featured_media":5420,"comment_status":"open","ping_status":"open","sticky":false,"template":"","format":"standard","meta":{"colormag_page_container_layout":"default_layout","colormag_page_sidebar_layout":"default_layout","rop_custom_images_group":[],"rop_custom_messages_group":[],"rop_publish_now":"initial","rop_publish_now_accounts":{"facebook_109133384920963_108472061465099":""},"rop_publish_now_history":[],"rop_publish_now_status":"pending","footnotes":""},"categories":[14],"tags":[17,26,20,18,19,97,91,84,98,99,21,23,22],"class_list":["post-5419","post","type-post","status-publish","format-standard","has-post-thumbnail","hentry","category-secretarias","tag-cuitlahuac-garcia-jimenez","tag-el-veracruzano-vip","tag-enterate","tag-gobierno-del-estado-de-veracruz","tag-redes-sociales","tag-secretaria-de-educacion-publica","tag-secretaria-de-educacion-veracruz","tag-secretaria-de-proteccion-civil-del-estado-de-veracruz","tag-secretaria-del-medio-ambiente","tag-secretaria-del-trabajo-y-prevision-social","tag-ultima-hora","tag-ultimas-noticias","tag-ultimo-minuto"],"_links":{"self":[{"href":"https:\/\/elveracruzano.vip\/index.php?rest_route=\/wp\/v2\/posts\/5419","targetHints":{"allow":["GET"]}}],"collection":[{"href":"https:\/\/elveracruzano.vip\/index.php?rest_route=\/wp\/v2\/posts"}],"about":[{"href":"https:\/\/elveracruzano.vip\/index.php?rest_route=\/wp\/v2\/types\/post"}],"author":[{"embeddable":true,"href":"https:\/\/elveracruzano.vip\/index.php?rest_route=\/wp\/v2\/users\/4"}],"replies":[{"embeddable":true,"href":"https:\/\/elveracruzano.vip\/index.php?rest_route=%2Fwp%2Fv2%2Fcomments&post=5419"}],"version-history":[{"count":3,"href":"https:\/\/elveracruzano.vip\/index.php?rest_route=\/wp\/v2\/posts\/5419\/revisions"}],"predecessor-version":[{"id":5423,"href":"https:\/\/elveracruzano.vip\/index.php?rest_route=\/wp\/v2\/posts\/5419\/revisions\/5423"}],"wp:featuredmedia":[{"embeddable":true,"href":"https:\/\/elveracruzano.vip\/index.php?rest_route=\/wp\/v2\/media\/5420"}],"wp:attachment":[{"href":"https:\/\/elveracruzano.vip\/index.php?rest_route=%2Fwp%2Fv2%2Fmedia&parent=5419"}],"wp:term":[{"taxonomy":"category","embeddable":true,"href":"https:\/\/elveracruzano.vip\/index.php?rest_route=%2Fwp%2Fv2%2Fcategories&post=5419"},{"taxonomy":"post_tag","embeddable":true,"href":"https:\/\/elveracruzano.vip\/index.php?rest_route=%2Fwp%2Fv2%2Ftags&post=5419"}],"curies":[{"name":"wp","href":"https:\/\/api.w.org\/{rel}","templated":true}]}}