{"id":5387,"date":"2023-04-27T13:58:31","date_gmt":"2023-04-27T19:58:31","guid":{"rendered":"http:\/\/elveracruzano.vip\/?p=5387"},"modified":"2023-04-27T13:58:33","modified_gmt":"2023-04-27T19:58:33","slug":"18-anos-sin-paludismo-y-mayor-vigilancia-entomologica-en-veracruz-cuitlahuacgj-gobiernover","status":"publish","type":"post","link":"https:\/\/elveracruzano.vip\/?p=5387","title":{"rendered":"18 a\u00f1os sin paludismo y mayor vigilancia entomol\u00f3gica en Veracruz \/ @CuitlahuacGJ @GobiernoVer >>>"},"content":{"rendered":"\n<p><strong>#GobiernoDeVeracruz.- <\/strong>La entidad se encuentra libre de casos aut\u00f3ctonos de paludismo desde el a\u00f1o 2005 y, en esta administraci\u00f3n, la Secretar\u00eda de Salud contin\u00faa el fortalecimiento de acciones y programas de prevenci\u00f3n a trav\u00e9s de una mayor vigilancia entomol\u00f3gica.<\/p>\n\n\n\n<p>Si bien hace 18 a\u00f1os el padecimiento qued\u00f3 erradicado localmente, se tienen registros de casos importados, es decir, personas infectadas que provienen de otros estados y pa\u00edses donde hay presencia de brotes, de acuerdo con el Departamento de Control de Enfermedades Transmitidas por Vector.<\/p>\n\n\n\n<p>Por ello, el personal realiza la detecci\u00f3n oportuna mediante pruebas cl\u00ednicas como toma de gota gruesa y extendido fino, limpieza de cuerpos de agua y eliminaci\u00f3n de criaderos de larvas del mosquito Anopheles, estableciendo un monitoreo activo.<\/p>\n\n\n\n<p>En el marco del D\u00eda Mundial del Paludismo, la dependencia reitera el compromiso de trabajar de manera coordinada con municipios, instituciones p\u00fablicas y privadas y la sociedad civil para prevenir y mantener anulada esta enfermedad, en beneficio de la poblaci\u00f3n.<\/p>\n\n\n\n<p>El paludismo inicia tras la picadura del mosquito hembra de dicho g\u00e9nero, infectado por el par\u00e1sito Plasmodium, aunque tambi\u00e9n \u2013en menor medida\u2013 puede ser adquirido v\u00eda transfusi\u00f3n sangu\u00ednea o agujas contaminadas. Es curable y sus principales s\u00edntomas son fiebre, escalofr\u00edos, dolor de cabeza y, en algunos casos, fatiga, convulsi\u00f3n y dificultad para respirar.<\/p>\n\n\n\n<p><strong>#ElVeracruzanoVIP &#8211; <\/strong><a href=\"https:\/\/www.facebook.com\/ElVeracruzanoVIP\/\">El Veracruzano VIP<\/a><\/p>\n","protected":false},"excerpt":{"rendered":"<p>#GobiernoDeVeracruz.- La entidad se encuentra libre de casos aut\u00f3ctonos de paludismo desde el a\u00f1o 2005 y, en esta administraci\u00f3n, la<\/p>\n","protected":false},"author":4,"featured_media":5388,"comment_status":"open","ping_status":"open","sticky":false,"template":"","format":"standard","meta":{"colormag_page_container_layout":"default_layout","colormag_page_sidebar_layout":"default_layout","rop_custom_images_group":[],"rop_custom_messages_group":[],"rop_publish_now":"initial","rop_publish_now_accounts":{"facebook_109133384920963_108472061465099":""},"rop_publish_now_history":[],"rop_publish_now_status":"pending","footnotes":""},"categories":[14],"tags":[17,26,20,18,19,100,97,91,84,98,99,21,23,22],"class_list":["post-5387","post","type-post","status-publish","format-standard","has-post-thumbnail","hentry","category-secretarias","tag-cuitlahuac-garcia-jimenez","tag-el-veracruzano-vip","tag-enterate","tag-gobierno-del-estado-de-veracruz","tag-redes-sociales","tag-secretaria-de-economia","tag-secretaria-de-educacion-publica","tag-secretaria-de-educacion-veracruz","tag-secretaria-de-proteccion-civil-del-estado-de-veracruz","tag-secretaria-del-medio-ambiente","tag-secretaria-del-trabajo-y-prevision-social","tag-ultima-hora","tag-ultimas-noticias","tag-ultimo-minuto"],"_links":{"self":[{"href":"https:\/\/elveracruzano.vip\/index.php?rest_route=\/wp\/v2\/posts\/5387","targetHints":{"allow":["GET"]}}],"collection":[{"href":"https:\/\/elveracruzano.vip\/index.php?rest_route=\/wp\/v2\/posts"}],"about":[{"href":"https:\/\/elveracruzano.vip\/index.php?rest_route=\/wp\/v2\/types\/post"}],"author":[{"embeddable":true,"href":"https:\/\/elveracruzano.vip\/index.php?rest_route=\/wp\/v2\/users\/4"}],"replies":[{"embeddable":true,"href":"https:\/\/elveracruzano.vip\/index.php?rest_route=%2Fwp%2Fv2%2Fcomments&post=5387"}],"version-history":[{"count":1,"href":"https:\/\/elveracruzano.vip\/index.php?rest_route=\/wp\/v2\/posts\/5387\/revisions"}],"predecessor-version":[{"id":5389,"href":"https:\/\/elveracruzano.vip\/index.php?rest_route=\/wp\/v2\/posts\/5387\/revisions\/5389"}],"wp:featuredmedia":[{"embeddable":true,"href":"https:\/\/elveracruzano.vip\/index.php?rest_route=\/wp\/v2\/media\/5388"}],"wp:attachment":[{"href":"https:\/\/elveracruzano.vip\/index.php?rest_route=%2Fwp%2Fv2%2Fmedia&parent=5387"}],"wp:term":[{"taxonomy":"category","embeddable":true,"href":"https:\/\/elveracruzano.vip\/index.php?rest_route=%2Fwp%2Fv2%2Fcategories&post=5387"},{"taxonomy":"post_tag","embeddable":true,"href":"https:\/\/elveracruzano.vip\/index.php?rest_route=%2Fwp%2Fv2%2Ftags&post=5387"}],"curies":[{"name":"wp","href":"https:\/\/api.w.org\/{rel}","templated":true}]}}