{"id":538,"date":"2022-01-15T12:42:13","date_gmt":"2022-01-15T18:42:13","guid":{"rendered":"http:\/\/elveracruzano.vip\/?p=538"},"modified":"2022-01-15T12:42:13","modified_gmt":"2022-01-15T18:42:13","slug":"vamos-a-lograr-que-este-mismo-ano-se-les-apoye-a-los-municipios-con-mas-recursos-cuitlahuac-garcia","status":"publish","type":"post","link":"https:\/\/elveracruzano.vip\/?p=538","title":{"rendered":"Vamos a lograr que este mismo a\u00f1o se les apoye a los municipios con m\u00e1s recursos: Cuitl\u00e1huac Garc\u00eda"},"content":{"rendered":"\n<p><strong>#GobiernoDeVeracruz<\/strong>.- \u00abContinuando con el trabajo, hoy me reun\u00ed con el Srio. de Finanzas, Mtro. Jos\u00e9 Luis Lima Franco, y dimos un repaso al pago de la 1a quincena del a\u00f1o del que salimos sin problemas gracias al buen manejo del dinero p\u00fablico\u00bb. <strong>#Cuitl\u00e1huacGarc\u00eda<\/strong><\/p>\n\n\n\n<p>El gobernador expres\u00f3: \u00abSolo con honestidad se logran estos resultados\u00bb, adem\u00e1s de asegurar que se lograr\u00e1 que este a\u00f1o se les apoye a los municipios con m\u00e1s recursos para los que firmen los convenios antes propuestos, el tiempo l\u00edmite para beneficiarse de estos acuerdos ser\u00e1 a finales de este mes por lo que se convocar\u00e1 a las alcaldesas y presidentes municipales el d\u00eda 26 de enero. <\/p>\n\n\n\n<p>Daremos detalles m\u00e1s adelante. Cuidando la salud seguimos trabajando, hay que cuidarse \u201cdel bicho\u201d COVID-19. Concluy\u00f3<\/p>\n\n\n\n<p><strong>#ElVeracruzanoVip<\/strong><\/p>\n","protected":false},"excerpt":{"rendered":"<p>#GobiernoDeVeracruz.- \u00abContinuando con el trabajo, hoy me reun\u00ed con el Srio. de Finanzas, Mtro. Jos\u00e9 Luis Lima Franco, y dimos<\/p>\n","protected":false},"author":4,"featured_media":0,"comment_status":"open","ping_status":"open","sticky":false,"template":"","format":"standard","meta":{"colormag_page_container_layout":"default_layout","colormag_page_sidebar_layout":"default_layout","rop_custom_images_group":[],"rop_custom_messages_group":[],"rop_publish_now":"initial","rop_publish_now_accounts":{"facebook_109133384920963_108472061465099":""},"rop_publish_now_history":[],"rop_publish_now_status":"pending","footnotes":""},"categories":[13],"tags":[17,26,20,18,19,21,23,22],"class_list":["post-538","post","type-post","status-publish","format-standard","hentry","category-principales","tag-cuitlahuac-garcia-jimenez","tag-el-veracruzano-vip","tag-enterate","tag-gobierno-del-estado-de-veracruz","tag-redes-sociales","tag-ultima-hora","tag-ultimas-noticias","tag-ultimo-minuto"],"_links":{"self":[{"href":"https:\/\/elveracruzano.vip\/index.php?rest_route=\/wp\/v2\/posts\/538","targetHints":{"allow":["GET"]}}],"collection":[{"href":"https:\/\/elveracruzano.vip\/index.php?rest_route=\/wp\/v2\/posts"}],"about":[{"href":"https:\/\/elveracruzano.vip\/index.php?rest_route=\/wp\/v2\/types\/post"}],"author":[{"embeddable":true,"href":"https:\/\/elveracruzano.vip\/index.php?rest_route=\/wp\/v2\/users\/4"}],"replies":[{"embeddable":true,"href":"https:\/\/elveracruzano.vip\/index.php?rest_route=%2Fwp%2Fv2%2Fcomments&post=538"}],"version-history":[{"count":1,"href":"https:\/\/elveracruzano.vip\/index.php?rest_route=\/wp\/v2\/posts\/538\/revisions"}],"predecessor-version":[{"id":540,"href":"https:\/\/elveracruzano.vip\/index.php?rest_route=\/wp\/v2\/posts\/538\/revisions\/540"}],"wp:attachment":[{"href":"https:\/\/elveracruzano.vip\/index.php?rest_route=%2Fwp%2Fv2%2Fmedia&parent=538"}],"wp:term":[{"taxonomy":"category","embeddable":true,"href":"https:\/\/elveracruzano.vip\/index.php?rest_route=%2Fwp%2Fv2%2Fcategories&post=538"},{"taxonomy":"post_tag","embeddable":true,"href":"https:\/\/elveracruzano.vip\/index.php?rest_route=%2Fwp%2Fv2%2Ftags&post=538"}],"curies":[{"name":"wp","href":"https:\/\/api.w.org\/{rel}","templated":true}]}}