{"id":5347,"date":"2023-04-25T10:49:50","date_gmt":"2023-04-25T15:49:50","guid":{"rendered":"http:\/\/elveracruzano.vip\/?p=5347"},"modified":"2023-04-25T10:49:51","modified_gmt":"2023-04-25T15:49:51","slug":"veracruz-se-suma-a-la-segunda-semana-nacional-contra-riesgos-sanitarios-cuitlahuacgj-gobiernover","status":"publish","type":"post","link":"https:\/\/elveracruzano.vip\/?p=5347","title":{"rendered":"Veracruz se suma a la Segunda Semana Nacional contra Riesgos Sanitarios \/ @CuitlahuacGJ @GobiernoVer >>>"},"content":{"rendered":"\n<p><strong>#GobiernoDeVeracruz.-<\/strong> Arranca la Segunda Semana Nacional contra Riesgos Sanitarios en todo el estado, poniendo en marcha\u00a0conferencias, talleres sobre saneamiento b\u00e1sico; inocuidad del agua y alimentos, farmacovigilancia, salud ambiental y ovitrampas letales en las 11 jurisdicciones sanitarias; adem\u00e1s de reforzar la campa\u00f1a \u201cJaque al Vape\u201d, contra el consumo de tabaco y el uso de cigarrillos electr\u00f3nicos.<\/p>\n\n\n\n<p>Al dar el banderazo de arranque a esta estrategia que se llevar\u00e1 a cabo del 24 al 29 de abril en el parque Miguel Hidalgo \u2212mejor conocido como Los Berros\u2212; el secretario de Salud (SS), Gerardo D\u00edaz Morales, convoc\u00f3 a la sociedad civil a unirse desde casa, trabajo, escuela o comunidad, participando en acciones de saneamiento b\u00e1sico para disminuir la incidencia de riesgos en la salud.<\/p>\n\n\n\n<p>\u201cLa presente administraci\u00f3n desarrolla e implementa pol\u00edticas p\u00fablicas en esta materia, en coordinaci\u00f3n con los sectores institucionales, empresariales y sociales\u201d, afirm\u00f3.&nbsp;<\/p>\n\n\n\n<p>El objetivo de la iniciativa es crear condiciones saludables en beneficio de la sociedad con \u00e9nfasis en la ni\u00f1ez, mediante acciones de regulaci\u00f3n, control y fomento sanitario a trav\u00e9s de m\u00f3dulos informativos y atenci\u00f3n en cada una de las sedes.<\/p>\n\n\n\n<p>Estuvieron la contralora general del estado, Mercedes Santoyo Dom\u00ednguez; la diputada Adriana Esther Mart\u00ednez S\u00e1nchez. Por parte de la SS, los directores administrativo, Jorge Sisniega Fern\u00e1ndez; de Protecci\u00f3n contra Riesgos Sanitarios, Juli\u00e1n Morales Barrientos; de Salud P\u00fablica, Guadalupe D\u00edaz del Castillo Flores; de Atenci\u00f3n M\u00e9dica, Romana Guti\u00e9rrez Polo; Jur\u00eddica, Jorge Luis Reyna Reyes; de Infraestructura, Karla Peregrina Berm\u00fadez; y de Planeaci\u00f3n y Desarrollo, Javier Gordillo Thomas.<\/p>\n\n\n\n<p><strong>#ElVeracruzanoVIP &#8211; <\/strong><a href=\"https:\/\/www.facebook.com\/ElVeracruzanoVIP\/\">El Veracruzano VIP<\/a><\/p>\n","protected":false},"excerpt":{"rendered":"<p>#GobiernoDeVeracruz.- Arranca la Segunda Semana Nacional contra Riesgos Sanitarios en todo el estado, poniendo en marcha\u00a0conferencias, talleres sobre saneamiento b\u00e1sico;<\/p>\n","protected":false},"author":4,"featured_media":5348,"comment_status":"open","ping_status":"open","sticky":false,"template":"","format":"standard","meta":{"colormag_page_container_layout":"default_layout","colormag_page_sidebar_layout":"default_layout","rop_custom_images_group":[],"rop_custom_messages_group":[],"rop_publish_now":"initial","rop_publish_now_accounts":{"facebook_109133384920963_108472061465099":""},"rop_publish_now_history":[],"rop_publish_now_status":"pending","footnotes":""},"categories":[14],"tags":[17,26,20,18,19,91,84,21,23,22],"class_list":["post-5347","post","type-post","status-publish","format-standard","has-post-thumbnail","hentry","category-secretarias","tag-cuitlahuac-garcia-jimenez","tag-el-veracruzano-vip","tag-enterate","tag-gobierno-del-estado-de-veracruz","tag-redes-sociales","tag-secretaria-de-educacion-veracruz","tag-secretaria-de-proteccion-civil-del-estado-de-veracruz","tag-ultima-hora","tag-ultimas-noticias","tag-ultimo-minuto"],"_links":{"self":[{"href":"https:\/\/elveracruzano.vip\/index.php?rest_route=\/wp\/v2\/posts\/5347","targetHints":{"allow":["GET"]}}],"collection":[{"href":"https:\/\/elveracruzano.vip\/index.php?rest_route=\/wp\/v2\/posts"}],"about":[{"href":"https:\/\/elveracruzano.vip\/index.php?rest_route=\/wp\/v2\/types\/post"}],"author":[{"embeddable":true,"href":"https:\/\/elveracruzano.vip\/index.php?rest_route=\/wp\/v2\/users\/4"}],"replies":[{"embeddable":true,"href":"https:\/\/elveracruzano.vip\/index.php?rest_route=%2Fwp%2Fv2%2Fcomments&post=5347"}],"version-history":[{"count":3,"href":"https:\/\/elveracruzano.vip\/index.php?rest_route=\/wp\/v2\/posts\/5347\/revisions"}],"predecessor-version":[{"id":5351,"href":"https:\/\/elveracruzano.vip\/index.php?rest_route=\/wp\/v2\/posts\/5347\/revisions\/5351"}],"wp:featuredmedia":[{"embeddable":true,"href":"https:\/\/elveracruzano.vip\/index.php?rest_route=\/wp\/v2\/media\/5348"}],"wp:attachment":[{"href":"https:\/\/elveracruzano.vip\/index.php?rest_route=%2Fwp%2Fv2%2Fmedia&parent=5347"}],"wp:term":[{"taxonomy":"category","embeddable":true,"href":"https:\/\/elveracruzano.vip\/index.php?rest_route=%2Fwp%2Fv2%2Fcategories&post=5347"},{"taxonomy":"post_tag","embeddable":true,"href":"https:\/\/elveracruzano.vip\/index.php?rest_route=%2Fwp%2Fv2%2Ftags&post=5347"}],"curies":[{"name":"wp","href":"https:\/\/api.w.org\/{rel}","templated":true}]}}