{"id":5338,"date":"2023-04-25T10:42:41","date_gmt":"2023-04-25T15:42:41","guid":{"rendered":"http:\/\/elveracruzano.vip\/?p=5338"},"modified":"2023-04-25T10:42:43","modified_gmt":"2023-04-25T15:42:43","slug":"invita-ayuntamiento-de-xalapa-al-festival-esav-2023-ahuedricardo-aytoxalapa","status":"publish","type":"post","link":"https:\/\/elveracruzano.vip\/?p=5338","title":{"rendered":"Invita ayuntamiento de Xalapa al Festival ESAV 2023 \/ @ahuedricardo @AytoXalapa >>>"},"content":{"rendered":"\n<p class=\"has-text-align-left\"><strong>#Xalapa, #Ver.-<\/strong> Para celebrar el D\u00eda Internacional de la Danza, que este a\u00f1o est\u00e1 dedicado al Estado de Chiapas, el Ayuntamiento, en coordinaci\u00f3n con la Escuela Superior de Artes de Veracruz (ESAV), realizar\u00e1n del 22 de abril al 4 de junio, la d\u00e9cima segunda edici\u00f3n del Festival ESAV.<br><\/p>\n\n\n\n<p class=\"has-text-align-left\">El objetivo es acercar a todos los sectores de la poblaci\u00f3n a la danza y su historia, mediante el desarrollo de diversas actividades art\u00edsticas y acad\u00e9micas como exposiciones de indumentarias, conversatorios, funciones de danza y talleres danc\u00edsticos en espacios culturales y recreativos de acceso libre.\u00a0<\/p>\n\n\n\n<p class=\"has-text-align-left\">Las actividades comienzan con el conversatorio \u201cEl estudio de la indumentaria en la formaci\u00f3n de profesionales en danza folkl\u00f3rica mexicana\u201d, el 22 de abril a las 18:00 horas, en el Teatro J.J. Herrera. Participar\u00e1n el coleccionista Ren\u00e9 Ram\u00edrez Ord\u00f3\u00f1ez, \u00c1ngel Ciro Silvestre y Marco Antonio Kuntz.<br><\/p>\n\n\n\n<p class=\"has-text-align-left\">Adem\u00e1s, en las instalaciones de la ESAV, se impartir\u00e1 un taller sobre Marinera, el baile nacional de Per\u00fa, el 23 de abril de 10:00 a 14:00 horas. <\/p>\n\n\n\n<p class=\"has-text-align-left\">La Exposici\u00f3n Indumentaria Tradicional de los Pueblos Originarios Mayas de Chiapas, \u201cTelar de palabras\u201d, colecci\u00f3n del maestro Ren\u00e9 Ram\u00edrez Ord\u00f3\u00f1ez, se inaugurar\u00e1 el 26 de abril a las 18:00 horas, en el Centro Recreativo Xalape\u00f1o (CRX).<\/p>\n\n\n\n<p class=\"has-text-align-left\">El Ballet Folkl\u00f3rico Infantil ESAV participar\u00e1 con la exposici\u00f3n \u201cAqu\u00ed nace M\u00e9xico\u201d, en la galer\u00eda peatonal de la Biblioteca Carlos Fuentes, esto ser\u00e1 el 27 de abril a las 17:00 horas, y con motivo de su d\u00e9cimo aniversario, tambi\u00e9n realizar\u00e1 una funci\u00f3n especial en compa\u00f1\u00eda de la Orquesta Municipal de Xalapa, el viernes 28 en el auditorio de la Iniciativa Municipal de Arte y Cultura (IMAC), a las 19:00 horas.<\/p>\n\n\n\n<p><strong>#ElVeracruzanoVIP &#8211; <\/strong><a href=\"https:\/\/www.facebook.com\/ElVeracruzanoVIP\/\">El Veracruzano VIP<\/a><\/p>\n","protected":false},"excerpt":{"rendered":"<p>#Xalapa, #Ver.- Para celebrar el D\u00eda Internacional de la Danza, que este a\u00f1o est\u00e1 dedicado al Estado de Chiapas, el<\/p>\n","protected":false},"author":4,"featured_media":5339,"comment_status":"open","ping_status":"open","sticky":false,"template":"","format":"standard","meta":{"colormag_page_container_layout":"default_layout","colormag_page_sidebar_layout":"default_layout","rop_custom_images_group":[],"rop_custom_messages_group":[],"rop_publish_now":"initial","rop_publish_now_accounts":{"facebook_109133384920963_108472061465099":""},"rop_publish_now_history":[],"rop_publish_now_status":"pending","footnotes":""},"categories":[11],"tags":[17,26,20,18,19,77,100,91,84,98,99,21,23,22,32],"class_list":["post-5338","post","type-post","status-publish","format-standard","has-post-thumbnail","hentry","category-municipios-destacados","tag-cuitlahuac-garcia-jimenez","tag-el-veracruzano-vip","tag-enterate","tag-gobierno-del-estado-de-veracruz","tag-redes-sociales","tag-ricardo-ahued-bardahuil","tag-secretaria-de-economia","tag-secretaria-de-educacion-veracruz","tag-secretaria-de-proteccion-civil-del-estado-de-veracruz","tag-secretaria-del-medio-ambiente","tag-secretaria-del-trabajo-y-prevision-social","tag-ultima-hora","tag-ultimas-noticias","tag-ultimo-minuto","tag-xalapa"],"_links":{"self":[{"href":"https:\/\/elveracruzano.vip\/index.php?rest_route=\/wp\/v2\/posts\/5338","targetHints":{"allow":["GET"]}}],"collection":[{"href":"https:\/\/elveracruzano.vip\/index.php?rest_route=\/wp\/v2\/posts"}],"about":[{"href":"https:\/\/elveracruzano.vip\/index.php?rest_route=\/wp\/v2\/types\/post"}],"author":[{"embeddable":true,"href":"https:\/\/elveracruzano.vip\/index.php?rest_route=\/wp\/v2\/users\/4"}],"replies":[{"embeddable":true,"href":"https:\/\/elveracruzano.vip\/index.php?rest_route=%2Fwp%2Fv2%2Fcomments&post=5338"}],"version-history":[{"count":6,"href":"https:\/\/elveracruzano.vip\/index.php?rest_route=\/wp\/v2\/posts\/5338\/revisions"}],"predecessor-version":[{"id":5346,"href":"https:\/\/elveracruzano.vip\/index.php?rest_route=\/wp\/v2\/posts\/5338\/revisions\/5346"}],"wp:featuredmedia":[{"embeddable":true,"href":"https:\/\/elveracruzano.vip\/index.php?rest_route=\/wp\/v2\/media\/5339"}],"wp:attachment":[{"href":"https:\/\/elveracruzano.vip\/index.php?rest_route=%2Fwp%2Fv2%2Fmedia&parent=5338"}],"wp:term":[{"taxonomy":"category","embeddable":true,"href":"https:\/\/elveracruzano.vip\/index.php?rest_route=%2Fwp%2Fv2%2Fcategories&post=5338"},{"taxonomy":"post_tag","embeddable":true,"href":"https:\/\/elveracruzano.vip\/index.php?rest_route=%2Fwp%2Fv2%2Ftags&post=5338"}],"curies":[{"name":"wp","href":"https:\/\/api.w.org\/{rel}","templated":true}]}}