{"id":5332,"date":"2023-04-25T10:37:14","date_gmt":"2023-04-25T15:37:14","guid":{"rendered":"http:\/\/elveracruzano.vip\/?p=5332"},"modified":"2023-04-25T10:37:15","modified_gmt":"2023-04-25T15:37:15","slug":"preside-rueda-de-prensa-presidente-municipal-de-cordoba-juan-martinez-flores-pdtejuanmtnez-aytocordobaver","status":"publish","type":"post","link":"https:\/\/elveracruzano.vip\/?p=5332","title":{"rendered":"Preside rueda de prensa presidente municipal de C\u00f3rdoba, Juan Mart\u00ednez Flores \/ @PdteJuanMtnez @AytoCordobaVer >>>"},"content":{"rendered":"\n<p><strong>#C\u00f3rdoba, #Ver.- <\/strong>El presidente municipal, Juan Mart\u00ednez Flores, presidi\u00f3 la rueda de prensa \u201cForo: Iniciativa de Ley para el Desarrollo Integral de los Pueblos y Comunidades Afroveracruzanas\u201d, impulsada por la Diputada presidenta de la Mesa Directiva del Congreso de Veracruz, Margarita Corro Mendoza, misma que tiene como finalidad convocar a la participaci\u00f3n de todas aquellas personas que as\u00ed se autodenominen para acudir a esta consulta de an\u00e1lisis y opini\u00f3n que se llevar\u00e1 a cabo el 3 de mayo en el municipio de Yanga a partir de las 9:00 horas.<\/p>\n\n\n\n<p>La primera autoridad, indic\u00f3 que, se recibi\u00f3 esta invitaci\u00f3n del Congreso del Estado, para difundir desde el gobierno local, una serie de trabajos que se realizar\u00e1n en diversos municipios de Veracruz para brindar el reconocimiento de Ley a estas comunidades que radiquen en el territorio veracruzano, y participen en estas consultas.<\/p>\n\n\n\n<p>La Diputada y presidenta de la Mesa Directiva del Congreso de Veracruz, Margarita Corro Mendoza, coment\u00f3 que la iniciativa trata de una reforma constitucional que reconoce a los pueblos y comunidades afromexicanas como parte integrante de la composici\u00f3n pluricultural de la naci\u00f3n mexicana; contando con una adicci\u00f3n al apartado C del art\u00edculo segundo Constitucional que establece: \u201cque estas comunidades tendr\u00e1n en lo conducente los derechos se\u00f1alados, a fin de garantizar su libre determinaci\u00f3n, autonom\u00eda e inclusi\u00f3n social\u201d.<\/p>\n\n\n\n<p>Con ello, se tendr\u00e1 a bien, realizar una convocatoria p\u00fablica y abierta para asistir a los foros de conocimiento de esta iniciativa de reforma a la Ley para el Desarrollo Integral de los Pueblos y Comunidades Afroveracruzanas, y a su parecer convenga participen para enriquecer, nutrir o aportar lo que estas comunidades as\u00ed lo crean necesario.<\/p>\n\n\n\n<p><strong>#ElVeracruzanoVIP &#8211; <\/strong><a href=\"https:\/\/www.facebook.com\/ElVeracruzanoVIP\/\">El Veracruzano VIP<\/a><\/p>\n","protected":false},"excerpt":{"rendered":"<p>#C\u00f3rdoba, #Ver.- El presidente municipal, Juan Mart\u00ednez Flores, presidi\u00f3 la rueda de prensa \u201cForo: Iniciativa de Ley para el Desarrollo<\/p>\n","protected":false},"author":4,"featured_media":5334,"comment_status":"open","ping_status":"open","sticky":false,"template":"","format":"standard","meta":{"colormag_page_container_layout":"default_layout","colormag_page_sidebar_layout":"default_layout","rop_custom_images_group":[],"rop_custom_messages_group":[],"rop_publish_now":"initial","rop_publish_now_accounts":{"facebook_109133384920963_108472061465099":""},"rop_publish_now_history":[],"rop_publish_now_status":"pending","footnotes":""},"categories":[11],"tags":[36,17,26,20,18,66,19,100,97,91,84,98,99,21,23,22],"class_list":["post-5332","post","type-post","status-publish","format-standard","has-post-thumbnail","hentry","category-municipios-destacados","tag-cordoba","tag-cuitlahuac-garcia-jimenez","tag-el-veracruzano-vip","tag-enterate","tag-gobierno-del-estado-de-veracruz","tag-juan-martinez-flores","tag-redes-sociales","tag-secretaria-de-economia","tag-secretaria-de-educacion-publica","tag-secretaria-de-educacion-veracruz","tag-secretaria-de-proteccion-civil-del-estado-de-veracruz","tag-secretaria-del-medio-ambiente","tag-secretaria-del-trabajo-y-prevision-social","tag-ultima-hora","tag-ultimas-noticias","tag-ultimo-minuto"],"_links":{"self":[{"href":"https:\/\/elveracruzano.vip\/index.php?rest_route=\/wp\/v2\/posts\/5332","targetHints":{"allow":["GET"]}}],"collection":[{"href":"https:\/\/elveracruzano.vip\/index.php?rest_route=\/wp\/v2\/posts"}],"about":[{"href":"https:\/\/elveracruzano.vip\/index.php?rest_route=\/wp\/v2\/types\/post"}],"author":[{"embeddable":true,"href":"https:\/\/elveracruzano.vip\/index.php?rest_route=\/wp\/v2\/users\/4"}],"replies":[{"embeddable":true,"href":"https:\/\/elveracruzano.vip\/index.php?rest_route=%2Fwp%2Fv2%2Fcomments&post=5332"}],"version-history":[{"count":3,"href":"https:\/\/elveracruzano.vip\/index.php?rest_route=\/wp\/v2\/posts\/5332\/revisions"}],"predecessor-version":[{"id":5337,"href":"https:\/\/elveracruzano.vip\/index.php?rest_route=\/wp\/v2\/posts\/5332\/revisions\/5337"}],"wp:featuredmedia":[{"embeddable":true,"href":"https:\/\/elveracruzano.vip\/index.php?rest_route=\/wp\/v2\/media\/5334"}],"wp:attachment":[{"href":"https:\/\/elveracruzano.vip\/index.php?rest_route=%2Fwp%2Fv2%2Fmedia&parent=5332"}],"wp:term":[{"taxonomy":"category","embeddable":true,"href":"https:\/\/elveracruzano.vip\/index.php?rest_route=%2Fwp%2Fv2%2Fcategories&post=5332"},{"taxonomy":"post_tag","embeddable":true,"href":"https:\/\/elveracruzano.vip\/index.php?rest_route=%2Fwp%2Fv2%2Ftags&post=5332"}],"curies":[{"name":"wp","href":"https:\/\/api.w.org\/{rel}","templated":true}]}}