{"id":5299,"date":"2023-04-18T13:51:30","date_gmt":"2023-04-18T18:51:30","guid":{"rendered":"http:\/\/elveracruzano.vip\/?p=5299"},"modified":"2023-04-18T13:51:31","modified_gmt":"2023-04-18T18:51:31","slug":"recibio-aquarium-de-veracruz-cerca-de-100-mil-visitantes-en-vacaciones-cuitlahuacgj-gobiernover","status":"publish","type":"post","link":"https:\/\/elveracruzano.vip\/?p=5299","title":{"rendered":"Recibi\u00f3 Aquarium de Veracruz cerca de 100 mil visitantes en vacaciones \/ @CuitlahuacGJ @GobiernoVer >>>"},"content":{"rendered":"\n<p><strong>#GobiernoDeVeracruz.- <\/strong>El Aquarium del Puerto de Veracruz registr\u00f3 la visita de 96 mil 656 turistas en vacaciones de Semana Santa, lo cual super\u00f3 por mucho las expectativas y la cifra del mismo periodo en 2022 que fue de 89 mil 969, inform\u00f3 la Procuradur\u00eda Estatal de Protecci\u00f3n al Medio Ambiente.<\/p>\n\n\n\n<p>Cabe destacar que la administraci\u00f3n extendi\u00f3 los horarios entre el primero y 16 de abril, a fin de que m\u00e1s personas pudieran disfrutar la biodiversidad del Golfo de M\u00e9xico; adem\u00e1s, las excelentes condiciones del recinto proporcionaron una experiencia placentera y mayor conocimiento sobre las especies que lo habitan.<\/p>\n\n\n\n<p>Para una mayor proyecci\u00f3n, el Gobierno del Estado proyecta una remodelaci\u00f3n y ampliaci\u00f3n en los pr\u00f3ximos meses, a fin de seguir teniendo uno de los acuarios m\u00e1s importantes en Am\u00e9rica Latina y sea una visita obligada del turismo nacional.<\/p>\n\n\n\n<p>Finalizado este periodo de asueto, la promoci\u00f3n de entrada gratuita los segundos martes de cada mes regresar\u00e1 el 9 de mayo para seguir recibiendo al p\u00fablico \u2013sobre todo infantil\u2013 que quiera un acercamiento con la fauna y flora marinas.<\/p>\n\n\n\n<p><strong>#ElVeracruzanoVIP &#8211; <\/strong><a href=\"https:\/\/www.facebook.com\/ElVeracruzanoVIP\/\">El Veracruzano VIP<\/a><\/p>\n","protected":false},"excerpt":{"rendered":"<p>#GobiernoDeVeracruz.- El Aquarium del Puerto de Veracruz registr\u00f3 la visita de 96 mil 656 turistas en vacaciones de Semana Santa,<\/p>\n","protected":false},"author":4,"featured_media":5300,"comment_status":"open","ping_status":"open","sticky":false,"template":"","format":"standard","meta":{"colormag_page_container_layout":"default_layout","colormag_page_sidebar_layout":"default_layout","rop_custom_images_group":[],"rop_custom_messages_group":[],"rop_publish_now":"initial","rop_publish_now_accounts":{"facebook_109133384920963_108472061465099":""},"rop_publish_now_history":[],"rop_publish_now_status":"pending","footnotes":""},"categories":[16],"tags":[17,26,20,18,19,97,91,84,98,99,21,23,22],"class_list":["post-5299","post","type-post","status-publish","format-standard","has-post-thumbnail","hentry","category-ultima-hora","tag-cuitlahuac-garcia-jimenez","tag-el-veracruzano-vip","tag-enterate","tag-gobierno-del-estado-de-veracruz","tag-redes-sociales","tag-secretaria-de-educacion-publica","tag-secretaria-de-educacion-veracruz","tag-secretaria-de-proteccion-civil-del-estado-de-veracruz","tag-secretaria-del-medio-ambiente","tag-secretaria-del-trabajo-y-prevision-social","tag-ultima-hora","tag-ultimas-noticias","tag-ultimo-minuto"],"_links":{"self":[{"href":"https:\/\/elveracruzano.vip\/index.php?rest_route=\/wp\/v2\/posts\/5299","targetHints":{"allow":["GET"]}}],"collection":[{"href":"https:\/\/elveracruzano.vip\/index.php?rest_route=\/wp\/v2\/posts"}],"about":[{"href":"https:\/\/elveracruzano.vip\/index.php?rest_route=\/wp\/v2\/types\/post"}],"author":[{"embeddable":true,"href":"https:\/\/elveracruzano.vip\/index.php?rest_route=\/wp\/v2\/users\/4"}],"replies":[{"embeddable":true,"href":"https:\/\/elveracruzano.vip\/index.php?rest_route=%2Fwp%2Fv2%2Fcomments&post=5299"}],"version-history":[{"count":1,"href":"https:\/\/elveracruzano.vip\/index.php?rest_route=\/wp\/v2\/posts\/5299\/revisions"}],"predecessor-version":[{"id":5301,"href":"https:\/\/elveracruzano.vip\/index.php?rest_route=\/wp\/v2\/posts\/5299\/revisions\/5301"}],"wp:featuredmedia":[{"embeddable":true,"href":"https:\/\/elveracruzano.vip\/index.php?rest_route=\/wp\/v2\/media\/5300"}],"wp:attachment":[{"href":"https:\/\/elveracruzano.vip\/index.php?rest_route=%2Fwp%2Fv2%2Fmedia&parent=5299"}],"wp:term":[{"taxonomy":"category","embeddable":true,"href":"https:\/\/elveracruzano.vip\/index.php?rest_route=%2Fwp%2Fv2%2Fcategories&post=5299"},{"taxonomy":"post_tag","embeddable":true,"href":"https:\/\/elveracruzano.vip\/index.php?rest_route=%2Fwp%2Fv2%2Ftags&post=5299"}],"curies":[{"name":"wp","href":"https:\/\/api.w.org\/{rel}","templated":true}]}}