{"id":5258,"date":"2023-04-13T18:31:40","date_gmt":"2023-04-13T23:31:40","guid":{"rendered":"http:\/\/elveracruzano.vip\/?p=5258"},"modified":"2023-04-13T18:31:42","modified_gmt":"2023-04-13T23:31:42","slug":"ampliara-ayuntamiento-de-cordoba-red-de-alumbrado-publico-en-santa-elena-pdtejuanmtnez-aytocordobaver","status":"publish","type":"post","link":"https:\/\/elveracruzano.vip\/?p=5258","title":{"rendered":"Ampliar\u00e1 ayuntamiento de C\u00f3rdoba red de alumbrado p\u00fablico en Santa Elena \/ @PdteJuanMtnez @AytoCordobaVer >>>"},"content":{"rendered":"\n<p><strong>#C\u00f3rdoba, #Ver.-<\/strong> Como parte de las atenciones que se brindan a la ciudadan\u00eda en la Jornada itinerante \u201cJueves de Renacimiento\u201d, el presidente municipal, Juan Mart\u00ednez Flores, anunci\u00f3 que se ampliar\u00e1 la red de alumbrado p\u00fablico en la localidad de Santa Elena, con la instalaci\u00f3n de 63 luminarias en donde se invertir\u00e1 un mill\u00f3n 160 mil 111 pesos en beneficio de todos los habitantes de esta comunidad.<\/p>\n\n\n\n<p>Agreg\u00f3 que esta administraci\u00f3n estar\u00e1 cerca de las comunidades y colonias para escuchar las peticiones ciudadanas, donde se trabajar\u00e1 para dar una respuesta inmediata, o en su caso, la viabilidad para dar soluci\u00f3n a corto, mediano o largo plazo.<\/p>\n\n\n\n<p>El alcalde acompa\u00f1ado del Subagente de Santa Elena, C\u00e9sar Manuel Gonz\u00e1lez Noriega y habitantes de la zona, encabez\u00f3 el recorrido por las principales calles de la localidad para hacer un conocimiento de las necesidades m\u00e1s apremiantes como el drenaje, el agua potable y la pavimentaci\u00f3n de calles, ya que el alumbrado est\u00e1 aprobado para este a\u00f1o con recursos del FAISMUNDF.<\/p>\n\n\n\n<p>Durante esta jornada, la primera autoridad realiz\u00f3 la entrega de una CURP Certificada a Agustina Reyes Hern\u00e1ndez, quien a pesar de radicar en C\u00f3rdoba, cuenta con registro en el municipio de La Perla, y a trav\u00e9s del m\u00f3dulo del Registro Civil pudo realizar el alta de sus datos en el Sistema Nacional, lo que permitir\u00e1 tramitar su acta de nacimiento.<\/p>\n\n\n\n<p><strong>#ElVeracruzanoVIP &#8211; <\/strong><a href=\"https:\/\/www.facebook.com\/ElVeracruzanoVIP\/\">El Veracruzano VIP<\/a><\/p>\n","protected":false},"excerpt":{"rendered":"<p>#C\u00f3rdoba, #Ver.- Como parte de las atenciones que se brindan a la ciudadan\u00eda en la Jornada itinerante \u201cJueves de Renacimiento\u201d,<\/p>\n","protected":false},"author":4,"featured_media":5259,"comment_status":"open","ping_status":"open","sticky":false,"template":"","format":"standard","meta":{"colormag_page_container_layout":"default_layout","colormag_page_sidebar_layout":"default_layout","rop_custom_images_group":[],"rop_custom_messages_group":[],"rop_publish_now":"initial","rop_publish_now_accounts":{"facebook_109133384920963_108472061465099":""},"rop_publish_now_history":[],"rop_publish_now_status":"pending","footnotes":""},"categories":[11],"tags":[36,17,20,18,66,19,100,97,91,84,98,99,21,23,22],"class_list":["post-5258","post","type-post","status-publish","format-standard","has-post-thumbnail","hentry","category-municipios-destacados","tag-cordoba","tag-cuitlahuac-garcia-jimenez","tag-enterate","tag-gobierno-del-estado-de-veracruz","tag-juan-martinez-flores","tag-redes-sociales","tag-secretaria-de-economia","tag-secretaria-de-educacion-publica","tag-secretaria-de-educacion-veracruz","tag-secretaria-de-proteccion-civil-del-estado-de-veracruz","tag-secretaria-del-medio-ambiente","tag-secretaria-del-trabajo-y-prevision-social","tag-ultima-hora","tag-ultimas-noticias","tag-ultimo-minuto"],"_links":{"self":[{"href":"https:\/\/elveracruzano.vip\/index.php?rest_route=\/wp\/v2\/posts\/5258","targetHints":{"allow":["GET"]}}],"collection":[{"href":"https:\/\/elveracruzano.vip\/index.php?rest_route=\/wp\/v2\/posts"}],"about":[{"href":"https:\/\/elveracruzano.vip\/index.php?rest_route=\/wp\/v2\/types\/post"}],"author":[{"embeddable":true,"href":"https:\/\/elveracruzano.vip\/index.php?rest_route=\/wp\/v2\/users\/4"}],"replies":[{"embeddable":true,"href":"https:\/\/elveracruzano.vip\/index.php?rest_route=%2Fwp%2Fv2%2Fcomments&post=5258"}],"version-history":[{"count":1,"href":"https:\/\/elveracruzano.vip\/index.php?rest_route=\/wp\/v2\/posts\/5258\/revisions"}],"predecessor-version":[{"id":5260,"href":"https:\/\/elveracruzano.vip\/index.php?rest_route=\/wp\/v2\/posts\/5258\/revisions\/5260"}],"wp:featuredmedia":[{"embeddable":true,"href":"https:\/\/elveracruzano.vip\/index.php?rest_route=\/wp\/v2\/media\/5259"}],"wp:attachment":[{"href":"https:\/\/elveracruzano.vip\/index.php?rest_route=%2Fwp%2Fv2%2Fmedia&parent=5258"}],"wp:term":[{"taxonomy":"category","embeddable":true,"href":"https:\/\/elveracruzano.vip\/index.php?rest_route=%2Fwp%2Fv2%2Fcategories&post=5258"},{"taxonomy":"post_tag","embeddable":true,"href":"https:\/\/elveracruzano.vip\/index.php?rest_route=%2Fwp%2Fv2%2Ftags&post=5258"}],"curies":[{"name":"wp","href":"https:\/\/api.w.org\/{rel}","templated":true}]}}