{"id":5220,"date":"2023-04-06T18:24:10","date_gmt":"2023-04-06T23:24:10","guid":{"rendered":"http:\/\/elveracruzano.vip\/?p=5220"},"modified":"2023-04-06T18:24:12","modified_gmt":"2023-04-06T23:24:12","slug":"veracruz-referente-en-capacitacion-de-binomios-caninos-cuitlahuacgj-gobiernover","status":"publish","type":"post","link":"https:\/\/elveracruzano.vip\/?p=5220","title":{"rendered":"Veracruz, referente en capacitaci\u00f3n de binomios caninos \/ @CuitlahuacGJ @GobiernoVer >>>"},"content":{"rendered":"\n<p><strong>#GobiernoDeVeracruz.-<\/strong> Con la formaci\u00f3n de 40 elementos de 20 instituciones de seguridad p\u00fablica, fiscal\u00edas y sistemas penitenciarios, concluy\u00f3 la primera edici\u00f3n nacional del Diplomado T\u00e1ctico K9: Perros Multiprop\u00f3sito, impartido por el Centro de Estudios e Investigaci\u00f3n en Seguridad (CEIS).<\/p>\n\n\n\n<p>\u201cEste tipo de encuentros permiten fortalecer a otras instituciones, que igual que en Veracruz, trabajan d\u00eda con d\u00eda para la construcci\u00f3n de la paz\u201d, se\u00f1al\u00f3 la subsecretaria de Prevenci\u00f3n y Participaci\u00f3n Ciudadana, Sarah\u00ed Pe\u00f1a Galaviz.<\/p>\n\n\n\n<p>Esta tercera generaci\u00f3n de la compa\u00f1\u00eda K9, cumpli\u00f3 un plan de estudios de 45 d\u00edas conformado por 14 asignaturas, entre las que destacan Marco legal, Protocolo de actuaci\u00f3n, Fortalecimiento psicol\u00f3gico para cachorros, Obediencia, Detecci\u00f3n de aromas y Operaciones t\u00e1cticas terrestres, mar\u00edtimas y a\u00e9reas.<\/p>\n\n\n\n<p>De los tres diplomados han egresado 88 binomios, que se desempe\u00f1an en la funci\u00f3n policial, luego de haber completado un programa validado por el Secretariado Ejecutivo del Sistema Nacional de Seguridad P\u00fablica; en las dos ediciones previas asistieron nueve pa\u00edses latinoamericanos.<\/p>\n\n\n\n<p>En esta ocasi\u00f3n, participaron la Secretar\u00eda de Marina; sistemas penitenciarios, fiscal\u00edas generales, polic\u00edas estatales, direcciones y secretar\u00edas de Seguridad P\u00fablica, as\u00ed como de la Unidad Especializada en Combate al Secuestro (UECS) con sede en Xalapa.<\/p>\n\n\n\n<p>Los agentes tambi\u00e9n est\u00e1n capacitados para colaborar en tareas de apoyo a la poblaci\u00f3n en desastres naturales, guardia y protecci\u00f3n, intervenciones terrestres y acu\u00e1ticas, operaciones aerom\u00f3viles y proximidad ciudadana.<\/p>\n\n\n\n<p><strong>#ElVeracruzanoVIP &#8211; <\/strong><a href=\"https:\/\/www.facebook.com\/ElVeracruzanoVIP\/\">El Veracruzano VIP<\/a><\/p>\n","protected":false},"excerpt":{"rendered":"<p>#GobiernoDeVeracruz.- Con la formaci\u00f3n de 40 elementos de 20 instituciones de seguridad p\u00fablica, fiscal\u00edas y sistemas penitenciarios, concluy\u00f3 la primera<\/p>\n","protected":false},"author":4,"featured_media":5221,"comment_status":"open","ping_status":"open","sticky":false,"template":"","format":"standard","meta":{"colormag_page_container_layout":"default_layout","colormag_page_sidebar_layout":"default_layout","rop_custom_images_group":[],"rop_custom_messages_group":[],"rop_publish_now":"initial","rop_publish_now_accounts":{"facebook_109133384920963_108472061465099":""},"rop_publish_now_history":[],"rop_publish_now_status":"pending","footnotes":""},"categories":[14],"tags":[17,26,20,19,100,97,91,84,98,99,21,23,22],"class_list":["post-5220","post","type-post","status-publish","format-standard","has-post-thumbnail","hentry","category-secretarias","tag-cuitlahuac-garcia-jimenez","tag-el-veracruzano-vip","tag-enterate","tag-redes-sociales","tag-secretaria-de-economia","tag-secretaria-de-educacion-publica","tag-secretaria-de-educacion-veracruz","tag-secretaria-de-proteccion-civil-del-estado-de-veracruz","tag-secretaria-del-medio-ambiente","tag-secretaria-del-trabajo-y-prevision-social","tag-ultima-hora","tag-ultimas-noticias","tag-ultimo-minuto"],"_links":{"self":[{"href":"https:\/\/elveracruzano.vip\/index.php?rest_route=\/wp\/v2\/posts\/5220","targetHints":{"allow":["GET"]}}],"collection":[{"href":"https:\/\/elveracruzano.vip\/index.php?rest_route=\/wp\/v2\/posts"}],"about":[{"href":"https:\/\/elveracruzano.vip\/index.php?rest_route=\/wp\/v2\/types\/post"}],"author":[{"embeddable":true,"href":"https:\/\/elveracruzano.vip\/index.php?rest_route=\/wp\/v2\/users\/4"}],"replies":[{"embeddable":true,"href":"https:\/\/elveracruzano.vip\/index.php?rest_route=%2Fwp%2Fv2%2Fcomments&post=5220"}],"version-history":[{"count":2,"href":"https:\/\/elveracruzano.vip\/index.php?rest_route=\/wp\/v2\/posts\/5220\/revisions"}],"predecessor-version":[{"id":5223,"href":"https:\/\/elveracruzano.vip\/index.php?rest_route=\/wp\/v2\/posts\/5220\/revisions\/5223"}],"wp:featuredmedia":[{"embeddable":true,"href":"https:\/\/elveracruzano.vip\/index.php?rest_route=\/wp\/v2\/media\/5221"}],"wp:attachment":[{"href":"https:\/\/elveracruzano.vip\/index.php?rest_route=%2Fwp%2Fv2%2Fmedia&parent=5220"}],"wp:term":[{"taxonomy":"category","embeddable":true,"href":"https:\/\/elveracruzano.vip\/index.php?rest_route=%2Fwp%2Fv2%2Fcategories&post=5220"},{"taxonomy":"post_tag","embeddable":true,"href":"https:\/\/elveracruzano.vip\/index.php?rest_route=%2Fwp%2Fv2%2Ftags&post=5220"}],"curies":[{"name":"wp","href":"https:\/\/api.w.org\/{rel}","templated":true}]}}