{"id":5198,"date":"2023-04-04T20:51:49","date_gmt":"2023-04-05T01:51:49","guid":{"rendered":"http:\/\/elveracruzano.vip\/?p=5198"},"modified":"2023-04-04T20:51:50","modified_gmt":"2023-04-05T01:51:50","slug":"en-boca-del-rio-entrego-alcalde-juan-unanue-rehabilitacion-integral-de-la-calle-20-jm_unanue-_bocadelrio","status":"publish","type":"post","link":"https:\/\/elveracruzano.vip\/?p=5198","title":{"rendered":"En Boca del R\u00edo, entreg\u00f3 alcalde Juan Un\u00e1nue rehabilitaci\u00f3n integral de la Calle 20 \/ @JM_UNANUE @_BocadelRio >>>"},"content":{"rendered":"\n<p><strong>#BocaDelR\u00edo, #Ver.- <\/strong>El Alcalde de Boca del R\u00edo cort\u00f3 el list\u00f3n inaugural de la rehabilitaci\u00f3n integral de una de las avenidas m\u00e1s importantes y transitadas de Boca del R\u00edo, la Calle 20 de la colonia Carranza III Secci\u00f3n.<\/p>\n\n\n\n<p>Con una inversi\u00f3n de 26 millones de pesos se pavimentaron m\u00e1s de 10 mil 600 metros cuadrados con concreto hidr\u00e1ulico, una obra pedida por los habitantes de esta zona desde antes de esta administraci\u00f3n.<\/p>\n\n\n\n<p>\u201cCon esta obra cambiar\u00e1 la calidad de vida de los vecinos de la zona y de los habitantes que las transitan, una obra de las m\u00e1s importantes de mi administraci\u00f3n\u201d, destac\u00f3 el Alcalde.<\/p>\n\n\n\n<p>Dentro del paquete de obras del 2022, est\u00e1 catalogada como la m\u00e1s importante, porque adem\u00e1s de contar con una vialidad en perfectas condiciones, se previenen inundaciones, una de las problem\u00e1ticas con las que se contaba anteriormente.<\/p>\n\n\n\n<p>Entre las acciones que se realizaron fue el cambio del drenaje sanitario, de tuber\u00eda, la construcci\u00f3n de pozos de visita, adem\u00e1s de la edificaci\u00f3n de registros sanitarios.<\/p>\n\n\n\n<p>La inversi\u00f3n tambi\u00e9n cont\u00f3 con el cambio de las l\u00edneas de agua potable, con el cambio de tuber\u00eda hidr\u00e1ulica, adem\u00e1s de instalarse tomas domiciliarias.<\/p>\n\n\n\n<p>Un\u00e1nue Abascal enfatiz\u00f3 que con esta pavimentaci\u00f3n con concreto hidr\u00e1ulico ya no se tendr\u00e1 que bachear en un lapso de 25 a\u00f1os, lo que significa que esta administraci\u00f3n municipal realiz\u00f3 una obra de larga duraci\u00f3n.<\/p>\n\n\n\n<p>Tambi\u00e9n se construyeron guarniciones y banquetas nuevas, as\u00ed como la debida se\u00f1alizaci\u00f3n vial horizontal con pintura de tr\u00e1fico, adem\u00e1s de pintura en pasos peatonales y guarniciones.<\/p>\n\n\n\n<p>El edil fue acompa\u00f1ado por la Presidenta del DIF Municipal, Melina Rivera de Un\u00e1nue, Legisladores, Regidores y Directores de las diferentes \u00e1reas del Ayuntamiento, quienes una vez finalizado el acto protocolario recorrieron la magna obra adem\u00e1s de saludar a los vecinos y comerciantes del lugar.<\/p>\n\n\n\n<p><strong>#ElVeracruzanoVIP &#8211; <\/strong><a href=\"https:\/\/www.facebook.com\/ElVeracruzanoVIP\/\">El Veracruzano VIP<\/a><\/p>\n","protected":false},"excerpt":{"rendered":"<p>#BocaDelR\u00edo, #Ver.- El Alcalde de Boca del R\u00edo cort\u00f3 el list\u00f3n inaugural de la rehabilitaci\u00f3n integral de una de las<\/p>\n","protected":false},"author":4,"featured_media":5199,"comment_status":"open","ping_status":"open","sticky":false,"template":"","format":"standard","meta":{"colormag_page_container_layout":"default_layout","colormag_page_sidebar_layout":"default_layout","rop_custom_images_group":[],"rop_custom_messages_group":[],"rop_publish_now":"initial","rop_publish_now_accounts":{"facebook_109133384920963_108472061465099":""},"rop_publish_now_history":[],"rop_publish_now_status":"pending","footnotes":""},"categories":[11],"tags":[35,17,26,20,18,34,19,97,91,84,98,99,21,23,22],"class_list":["post-5198","post","type-post","status-publish","format-standard","has-post-thumbnail","hentry","category-municipios-destacados","tag-boca-del-rio","tag-cuitlahuac-garcia-jimenez","tag-el-veracruzano-vip","tag-enterate","tag-gobierno-del-estado-de-veracruz","tag-juan-manuel-unanue","tag-redes-sociales","tag-secretaria-de-educacion-publica","tag-secretaria-de-educacion-veracruz","tag-secretaria-de-proteccion-civil-del-estado-de-veracruz","tag-secretaria-del-medio-ambiente","tag-secretaria-del-trabajo-y-prevision-social","tag-ultima-hora","tag-ultimas-noticias","tag-ultimo-minuto"],"_links":{"self":[{"href":"https:\/\/elveracruzano.vip\/index.php?rest_route=\/wp\/v2\/posts\/5198","targetHints":{"allow":["GET"]}}],"collection":[{"href":"https:\/\/elveracruzano.vip\/index.php?rest_route=\/wp\/v2\/posts"}],"about":[{"href":"https:\/\/elveracruzano.vip\/index.php?rest_route=\/wp\/v2\/types\/post"}],"author":[{"embeddable":true,"href":"https:\/\/elveracruzano.vip\/index.php?rest_route=\/wp\/v2\/users\/4"}],"replies":[{"embeddable":true,"href":"https:\/\/elveracruzano.vip\/index.php?rest_route=%2Fwp%2Fv2%2Fcomments&post=5198"}],"version-history":[{"count":2,"href":"https:\/\/elveracruzano.vip\/index.php?rest_route=\/wp\/v2\/posts\/5198\/revisions"}],"predecessor-version":[{"id":5202,"href":"https:\/\/elveracruzano.vip\/index.php?rest_route=\/wp\/v2\/posts\/5198\/revisions\/5202"}],"wp:featuredmedia":[{"embeddable":true,"href":"https:\/\/elveracruzano.vip\/index.php?rest_route=\/wp\/v2\/media\/5199"}],"wp:attachment":[{"href":"https:\/\/elveracruzano.vip\/index.php?rest_route=%2Fwp%2Fv2%2Fmedia&parent=5198"}],"wp:term":[{"taxonomy":"category","embeddable":true,"href":"https:\/\/elveracruzano.vip\/index.php?rest_route=%2Fwp%2Fv2%2Fcategories&post=5198"},{"taxonomy":"post_tag","embeddable":true,"href":"https:\/\/elveracruzano.vip\/index.php?rest_route=%2Fwp%2Fv2%2Ftags&post=5198"}],"curies":[{"name":"wp","href":"https:\/\/api.w.org\/{rel}","templated":true}]}}