{"id":5166,"date":"2023-03-30T11:32:20","date_gmt":"2023-03-30T17:32:20","guid":{"rendered":"http:\/\/elveracruzano.vip\/?p=5166"},"modified":"2023-03-30T11:32:23","modified_gmt":"2023-03-30T17:32:23","slug":"recibio-policia-municipal-de-cordoba-platica-de-nuevas-masculinidades-pdtejuanmtnez-aytocordobaver","status":"publish","type":"post","link":"https:\/\/elveracruzano.vip\/?p=5166","title":{"rendered":"Recibi\u00f3 Polic\u00eda Municipal de C\u00f3rdoba pl\u00e1tica de \u201cNuevas masculinidades\u201d \/ @PdteJuanMtnez @AytoCordobaVer >>>"},"content":{"rendered":"\n<p><strong>#C\u00f3rdoba, #Ver.- <\/strong>Este d\u00eda, el presidente municipal, Juan Mart\u00ednez Flores, el director de Protecci\u00f3n Ciudadana y Movilidad y los integrantes de la Mesa de Seguridad, recibieron la pl\u00e1tica \u201cMasculinidades: Una nueva perspectiva\u201d, misma que tiene por objetivo replicarlo a los planteles escolares del municipio como mecanismo para la prevenci\u00f3n sobre actos de violencia.<\/p>\n\n\n\n<p>La primera autoridad destac\u00f3 que para su gobierno es una preocupante el tema de violencia en todos los \u00e1mbitos, sobre todo los de g\u00e9nero y familiar, por ello, se buscar\u00e1n alternativas que permitan involucrar a la sociedad para llevar y replicar el mensaje a trav\u00e9s de pl\u00e1ticas y conferencias en coordinaci\u00f3n con organismos estatales o federales para brindar el bienestar y seguridad para la comunidad cordobesa.<\/p>\n\n\n\n<p>La secretaria T\u00e9cnica de Seguridad y Paz, Minerva L\u00f3pez Villegas, indic\u00f3 que se encuentran en un nuevo modelo de aprendizaje, donde las acciones van encaminadas al contexto del respeto por el g\u00e9nero, las autoridades y los ciudadanos.<\/p>\n\n\n\n<p>Dicha charla fue impartida por el Centro Estatal de Prevenci\u00f3n Social de la Violencia y la Delincuencia con Participaci\u00f3n Ciudadana (Ceprevide), donde destacaron temas enfocados a los tipos de violencia, los aspectos de la regla de oro de la masculinidad, el acoso sexual y la perspectiva del patriarcado.<\/p>\n\n\n\n<p>Estas acciones, se buscar\u00e1n acercar a los planteles educativos de los nueve municipios que conforman la regi\u00f3n de C\u00f3rdoba, donde participen principalmente la ni\u00f1ez y juventud, as\u00ed como los padres de familia y directivos\u00a0escolares.<\/p>\n\n\n\n<p><strong>#ElVeracruzanoVIP &#8211; <\/strong><a href=\"https:\/\/www.facebook.com\/ElVeracruzanoVIP\/\">El Veracruzano VIP<\/a><\/p>\n","protected":false},"excerpt":{"rendered":"<p>#C\u00f3rdoba, #Ver.- Este d\u00eda, el presidente municipal, Juan Mart\u00ednez Flores, el director de Protecci\u00f3n Ciudadana y Movilidad y los integrantes<\/p>\n","protected":false},"author":4,"featured_media":5167,"comment_status":"open","ping_status":"open","sticky":false,"template":"","format":"standard","meta":{"colormag_page_container_layout":"default_layout","colormag_page_sidebar_layout":"default_layout","rop_custom_images_group":[],"rop_custom_messages_group":[],"rop_publish_now":"initial","rop_publish_now_accounts":{"facebook_109133384920963_108472061465099":""},"rop_publish_now_history":[],"rop_publish_now_status":"pending","footnotes":""},"categories":[11],"tags":[36,17,26,20,18,66,19,100,97,91,84,98,99,21,23,22],"class_list":["post-5166","post","type-post","status-publish","format-standard","has-post-thumbnail","hentry","category-municipios-destacados","tag-cordoba","tag-cuitlahuac-garcia-jimenez","tag-el-veracruzano-vip","tag-enterate","tag-gobierno-del-estado-de-veracruz","tag-juan-martinez-flores","tag-redes-sociales","tag-secretaria-de-economia","tag-secretaria-de-educacion-publica","tag-secretaria-de-educacion-veracruz","tag-secretaria-de-proteccion-civil-del-estado-de-veracruz","tag-secretaria-del-medio-ambiente","tag-secretaria-del-trabajo-y-prevision-social","tag-ultima-hora","tag-ultimas-noticias","tag-ultimo-minuto"],"_links":{"self":[{"href":"https:\/\/elveracruzano.vip\/index.php?rest_route=\/wp\/v2\/posts\/5166","targetHints":{"allow":["GET"]}}],"collection":[{"href":"https:\/\/elveracruzano.vip\/index.php?rest_route=\/wp\/v2\/posts"}],"about":[{"href":"https:\/\/elveracruzano.vip\/index.php?rest_route=\/wp\/v2\/types\/post"}],"author":[{"embeddable":true,"href":"https:\/\/elveracruzano.vip\/index.php?rest_route=\/wp\/v2\/users\/4"}],"replies":[{"embeddable":true,"href":"https:\/\/elveracruzano.vip\/index.php?rest_route=%2Fwp%2Fv2%2Fcomments&post=5166"}],"version-history":[{"count":3,"href":"https:\/\/elveracruzano.vip\/index.php?rest_route=\/wp\/v2\/posts\/5166\/revisions"}],"predecessor-version":[{"id":5170,"href":"https:\/\/elveracruzano.vip\/index.php?rest_route=\/wp\/v2\/posts\/5166\/revisions\/5170"}],"wp:featuredmedia":[{"embeddable":true,"href":"https:\/\/elveracruzano.vip\/index.php?rest_route=\/wp\/v2\/media\/5167"}],"wp:attachment":[{"href":"https:\/\/elveracruzano.vip\/index.php?rest_route=%2Fwp%2Fv2%2Fmedia&parent=5166"}],"wp:term":[{"taxonomy":"category","embeddable":true,"href":"https:\/\/elveracruzano.vip\/index.php?rest_route=%2Fwp%2Fv2%2Fcategories&post=5166"},{"taxonomy":"post_tag","embeddable":true,"href":"https:\/\/elveracruzano.vip\/index.php?rest_route=%2Fwp%2Fv2%2Ftags&post=5166"}],"curies":[{"name":"wp","href":"https:\/\/api.w.org\/{rel}","templated":true}]}}