{"id":5146,"date":"2023-03-28T14:15:48","date_gmt":"2023-03-28T20:15:48","guid":{"rendered":"http:\/\/elveracruzano.vip\/?p=5146"},"modified":"2023-03-28T14:15:49","modified_gmt":"2023-03-28T20:15:49","slug":"alcaldesa-montserrat-caballero-entrego-apoyos-del-programa-emprende-en-grande-en-tijuana-baja-california-montserrat4t-gobtijuanamx","status":"publish","type":"post","link":"https:\/\/elveracruzano.vip\/?p=5146","title":{"rendered":"Alcaldesa Montserrat caballero entreg\u00f3 apoyos del programa \u00abEmprende en Grande\u00bb en Tijuana, Baja California \/ @Montserrat4T @gobtijuanamx >>>"},"content":{"rendered":"\n<p><strong>#Tijuana, #B.C.-&nbsp;<\/strong>Con el objetivo de brindar est\u00edmulos econ\u00f3micos a los j\u00f3venes para el emprendimiento de proyectos en etapas de desarrollo, lanzamiento, operaci\u00f3n y crecimiento, el XXIV Ayuntamiento que encabeza la alcaldesa Montserrat Caballero Ram\u00edrez, a trav\u00e9s del Instituto Municipal de la Juventud (IMJUV), hizo entrega de apoyos como parte del programa \u00abEmprende en Grande\u00bb.<\/p>\n\n\n\n<p>\u00abBienvenidos a su casa, muchas gracias tambi\u00e9n a sus padres por apoyarlos como familia, con su esfuerzo y trabajo, con amor a cada uno de ustedes, porque as\u00ed se hacen realidad los sue\u00f1os, y es que, cuando hablamos de lograr sus metas, sabemos que se logran con estudio, con preparaci\u00f3n y trabajo, pero tambi\u00e9n con el apoyo de programas como este que el Instituto Municipal de la Juventud, ofrece a nuestros j\u00f3venes emprendedores, a nuestros j\u00f3venes estudiantes, es as\u00ed, como nuestro gobierno y la juventud tijuanense, son la combinaci\u00f3n perfecta para el futuro\u00bb, manifest\u00f3 la alcaldesa Montserrat Caballero.<\/p>\n\n\n\n<p>La primera edil se\u00f1al\u00f3 la importancia de este d\u00eda, porque estamos frente a j\u00f3venes valientes, talentosos y so\u00f1adores que gracias a los est\u00edmulos econ\u00f3micos que reciben podr\u00e1n realizar sus proyectos personales que est\u00e1n en etapas de desarrollo, lanzamiento, operaci\u00f3n y crecimiento.<\/p>\n\n\n\n<p>Caballero Ram\u00edrez dijo que como alcaldesa de Tijuana, como su amiga, como una ex estudiante emprendedora, sabe lo que los j\u00f3venes sienten cuando toman la decisi\u00f3n de iniciar un negocio propio, tambi\u00e9n sabe lo que es tocar puertas y que no todas se abran; por tal motivo, agreg\u00f3, no descansar\u00e1 en invertir y hacer lo que corresponde como gobierno, para seguir contribuyendo porque conf\u00eda en el liderazgo de los j\u00f3venes emprendedores, expres\u00f3.<\/p>\n\n\n\n<p><strong>#ElVeracruzanoVIP &#8211; <\/strong><a href=\"https:\/\/www.facebook.com\/ElVeracruzanoVIP\/\">El Veracruzano VIP<\/a><\/p>\n","protected":false},"excerpt":{"rendered":"<p>#Tijuana, #B.C.-&nbsp;Con el objetivo de brindar est\u00edmulos econ\u00f3micos a los j\u00f3venes para el emprendimiento de proyectos en etapas de desarrollo,<\/p>\n","protected":false},"author":4,"featured_media":5147,"comment_status":"open","ping_status":"open","sticky":false,"template":"","format":"standard","meta":{"colormag_page_container_layout":"default_layout","colormag_page_sidebar_layout":"default_layout","rop_custom_images_group":[],"rop_custom_messages_group":[],"rop_publish_now":"initial","rop_publish_now_accounts":{"facebook_109133384920963_108472061465099":""},"rop_publish_now_history":[],"rop_publish_now_status":"pending","footnotes":""},"categories":[12],"tags":[68,17,26,20,18,95,19,100,97,91,84,98,99,21,23],"class_list":["post-5146","post","type-post","status-publish","format-standard","has-post-thumbnail","hentry","category-municipios-en-mexico","tag-ayuntamiento-de-tijuana","tag-cuitlahuac-garcia-jimenez","tag-el-veracruzano-vip","tag-enterate","tag-gobierno-del-estado-de-veracruz","tag-montserrat-caballero-ramirez","tag-redes-sociales","tag-secretaria-de-economia","tag-secretaria-de-educacion-publica","tag-secretaria-de-educacion-veracruz","tag-secretaria-de-proteccion-civil-del-estado-de-veracruz","tag-secretaria-del-medio-ambiente","tag-secretaria-del-trabajo-y-prevision-social","tag-ultima-hora","tag-ultimas-noticias"],"_links":{"self":[{"href":"https:\/\/elveracruzano.vip\/index.php?rest_route=\/wp\/v2\/posts\/5146","targetHints":{"allow":["GET"]}}],"collection":[{"href":"https:\/\/elveracruzano.vip\/index.php?rest_route=\/wp\/v2\/posts"}],"about":[{"href":"https:\/\/elveracruzano.vip\/index.php?rest_route=\/wp\/v2\/types\/post"}],"author":[{"embeddable":true,"href":"https:\/\/elveracruzano.vip\/index.php?rest_route=\/wp\/v2\/users\/4"}],"replies":[{"embeddable":true,"href":"https:\/\/elveracruzano.vip\/index.php?rest_route=%2Fwp%2Fv2%2Fcomments&post=5146"}],"version-history":[{"count":1,"href":"https:\/\/elveracruzano.vip\/index.php?rest_route=\/wp\/v2\/posts\/5146\/revisions"}],"predecessor-version":[{"id":5148,"href":"https:\/\/elveracruzano.vip\/index.php?rest_route=\/wp\/v2\/posts\/5146\/revisions\/5148"}],"wp:featuredmedia":[{"embeddable":true,"href":"https:\/\/elveracruzano.vip\/index.php?rest_route=\/wp\/v2\/media\/5147"}],"wp:attachment":[{"href":"https:\/\/elveracruzano.vip\/index.php?rest_route=%2Fwp%2Fv2%2Fmedia&parent=5146"}],"wp:term":[{"taxonomy":"category","embeddable":true,"href":"https:\/\/elveracruzano.vip\/index.php?rest_route=%2Fwp%2Fv2%2Fcategories&post=5146"},{"taxonomy":"post_tag","embeddable":true,"href":"https:\/\/elveracruzano.vip\/index.php?rest_route=%2Fwp%2Fv2%2Ftags&post=5146"}],"curies":[{"name":"wp","href":"https:\/\/api.w.org\/{rel}","templated":true}]}}