{"id":5061,"date":"2023-03-21T18:21:47","date_gmt":"2023-03-22T00:21:47","guid":{"rendered":"http:\/\/elveracruzano.vip\/?p=5061"},"modified":"2023-03-21T18:21:49","modified_gmt":"2023-03-22T00:21:49","slug":"orienta-ssp-a-mas-de-15-mil-estudiantes-sobre-prevencion-de-conductas-delictivas-cuitlahuacgj-gobiernover","status":"publish","type":"post","link":"https:\/\/elveracruzano.vip\/?p=5061","title":{"rendered":"Orienta SSP a m\u00e1s de 15 mil estudiantes sobre prevenci\u00f3n de conductas delictivas \/ @CuitlahuacGJ @GobiernoVer >>>"},"content":{"rendered":"\n<p><strong>#GobiernoDeVeracruz.-<\/strong> Mediante 565 pl\u00e1ticas en planteles escolares de Coatepec, Emiliano Zapata y Xalapa, la Direcci\u00f3n General de Prevenci\u00f3n y Reinserci\u00f3n Social mantiene un esquema de combate a conductas delictivas que, en un a\u00f1o, lleg\u00f3 a 15 mil 682 estudiantes de los niveles b\u00e1sico y medio superior; ocho mil 824 hombres y seis mil 858 mujeres.<\/p>\n\n\n\n<p>El proyecto, que inici\u00f3 la Secretar\u00eda de Seguridad P\u00fablica en enero de 2022, se enfoca principalmente en los j\u00f3venes para evitar que se involucren en actividades il\u00edcitas, al tiempo de apoyar su desarrollo y promover su bienestar y salud mental, proporcionando herramientas que les permitan distinguir factores de riesgo y conocer las consecuencias legales al cometer un delito.<\/p>\n\n\n\n<p>En coordinaci\u00f3n con los sectores educativo, social y empresarial, el programa aborda alternativas de vida saludable, deporte y sana utilizaci\u00f3n del tiempo libre, impulso de capacidades de autocontrol, mejoramiento de la autoestima y fortalecimiento de los valores familiares y sociales.<\/p>\n\n\n\n<p>Todo ello, dentro de la estrategia de Construcci\u00f3n de la Paz que encabeza el gobernador Cuitl\u00e1huac Garc\u00eda Jim\u00e9nez, donde destaca tambi\u00e9n la campa\u00f1a\u00a0No te la juegues con las drogas, encaminada a orientar a dicho sector poblacional sobre el uso de sustancias que s\u00f3lo llevan a dos destinos, la c\u00e1rcel o la muerte.<\/p>\n\n\n\n<p>Cabe destacar que las acciones de prevenci\u00f3n de conductas delictivas tambi\u00e9n se replican en los centros penitenciarios del estado, como parte del proceso de reinserci\u00f3n de las personas privadas de su libertad.<\/p>\n\n\n\n<p><strong>#ElVeracruzanoVIP &#8211; <\/strong><a href=\"https:\/\/www.facebook.com\/ElVeracruzanoVIP\/\">El Veracruzano VIP<\/a><\/p>\n","protected":false},"excerpt":{"rendered":"<p>#GobiernoDeVeracruz.- Mediante 565 pl\u00e1ticas en planteles escolares de Coatepec, Emiliano Zapata y Xalapa, la Direcci\u00f3n General de Prevenci\u00f3n y Reinserci\u00f3n<\/p>\n","protected":false},"author":4,"featured_media":5062,"comment_status":"open","ping_status":"open","sticky":false,"template":"","format":"standard","meta":{"colormag_page_container_layout":"default_layout","colormag_page_sidebar_layout":"default_layout","rop_custom_images_group":[],"rop_custom_messages_group":[],"rop_publish_now":"initial","rop_publish_now_accounts":{"facebook_109133384920963_108472061465099":""},"rop_publish_now_history":[],"rop_publish_now_status":"pending","footnotes":""},"categories":[14],"tags":[17,26,20,18,19,100,97,91,84,98,99,21,23,22],"class_list":["post-5061","post","type-post","status-publish","format-standard","has-post-thumbnail","hentry","category-secretarias","tag-cuitlahuac-garcia-jimenez","tag-el-veracruzano-vip","tag-enterate","tag-gobierno-del-estado-de-veracruz","tag-redes-sociales","tag-secretaria-de-economia","tag-secretaria-de-educacion-publica","tag-secretaria-de-educacion-veracruz","tag-secretaria-de-proteccion-civil-del-estado-de-veracruz","tag-secretaria-del-medio-ambiente","tag-secretaria-del-trabajo-y-prevision-social","tag-ultima-hora","tag-ultimas-noticias","tag-ultimo-minuto"],"_links":{"self":[{"href":"https:\/\/elveracruzano.vip\/index.php?rest_route=\/wp\/v2\/posts\/5061","targetHints":{"allow":["GET"]}}],"collection":[{"href":"https:\/\/elveracruzano.vip\/index.php?rest_route=\/wp\/v2\/posts"}],"about":[{"href":"https:\/\/elveracruzano.vip\/index.php?rest_route=\/wp\/v2\/types\/post"}],"author":[{"embeddable":true,"href":"https:\/\/elveracruzano.vip\/index.php?rest_route=\/wp\/v2\/users\/4"}],"replies":[{"embeddable":true,"href":"https:\/\/elveracruzano.vip\/index.php?rest_route=%2Fwp%2Fv2%2Fcomments&post=5061"}],"version-history":[{"count":1,"href":"https:\/\/elveracruzano.vip\/index.php?rest_route=\/wp\/v2\/posts\/5061\/revisions"}],"predecessor-version":[{"id":5063,"href":"https:\/\/elveracruzano.vip\/index.php?rest_route=\/wp\/v2\/posts\/5061\/revisions\/5063"}],"wp:featuredmedia":[{"embeddable":true,"href":"https:\/\/elveracruzano.vip\/index.php?rest_route=\/wp\/v2\/media\/5062"}],"wp:attachment":[{"href":"https:\/\/elveracruzano.vip\/index.php?rest_route=%2Fwp%2Fv2%2Fmedia&parent=5061"}],"wp:term":[{"taxonomy":"category","embeddable":true,"href":"https:\/\/elveracruzano.vip\/index.php?rest_route=%2Fwp%2Fv2%2Fcategories&post=5061"},{"taxonomy":"post_tag","embeddable":true,"href":"https:\/\/elveracruzano.vip\/index.php?rest_route=%2Fwp%2Fv2%2Ftags&post=5061"}],"curies":[{"name":"wp","href":"https:\/\/api.w.org\/{rel}","templated":true}]}}