{"id":5031,"date":"2023-03-16T15:40:34","date_gmt":"2023-03-16T21:40:34","guid":{"rendered":"http:\/\/elveracruzano.vip\/?p=5031"},"modified":"2023-03-16T15:40:35","modified_gmt":"2023-03-16T21:40:35","slug":"en-guerrero-se-presento-el-carnaval-acapulco-2023-con-la-presencia-de-la-cantante-niurka-marcos-abelinalopezr-acapulco","status":"publish","type":"post","link":"https:\/\/elveracruzano.vip\/?p=5031","title":{"rendered":"En Guerrero, se presento el Carnaval Acapulco 2023 con la presencia de la cantante Niurka Marcos \/ @AbelinaLopezR @Acapulco >>>"},"content":{"rendered":"\n<p><strong>#Acapulco, #Gro.-<\/strong>&nbsp;Se realiz\u00f3 la presentaci\u00f3n oficial del Carnaval Acapulco 2023, con la presencia de la alcaldesa Abelina Rodr\u00edguez y la cantante, actriz y bailarina Niurka Marcos.<\/p>\n\n\n\n<p>El jueves 16 al domingo 19 de marzo, \u00a0tendr\u00e1 lugar esta festividad que fue tradicional en el puerto y busca rescatar desde la Secretar\u00eda de Bienestar y Desarrollo Comunitario Acapulco, que dirige la maestra Leticia Lozano Zavala, para que la convivencia y amistad que distinguen a los acapulque\u00f1os puedan ponerse de manifiesto una vez m\u00e1s.<\/p>\n\n\n\n<figure class=\"wp-block-image aligncenter size-medium is-resized\"><img loading=\"lazy\" decoding=\"async\" src=\"http:\/\/elveracruzano.vip\/wp-content\/uploads\/2023\/03\/aca-prin-1-300x188.gif\" alt=\"\" class=\"wp-image-5034\" width=\"433\" height=\"271\" srcset=\"https:\/\/elveracruzano.vip\/wp-content\/uploads\/2023\/03\/aca-prin-1-300x188.gif 300w, https:\/\/elveracruzano.vip\/wp-content\/uploads\/2023\/03\/aca-prin-1-768x480.gif 768w, https:\/\/elveracruzano.vip\/wp-content\/uploads\/2023\/03\/aca-prin-1-600x375.gif 600w\" sizes=\"auto, (max-width: 433px) 100vw, 433px\" \/><\/figure>\n\n\n\n<p><strong>#ElVeracruzanoVIP &#8211; <\/strong><a href=\"https:\/\/www.facebook.com\/ElVeracruzanoVIP\/\">El Veracruzano VIP<\/a><\/p>\n","protected":false},"excerpt":{"rendered":"<p>#Acapulco, #Gro.-&nbsp;Se realiz\u00f3 la presentaci\u00f3n oficial del Carnaval Acapulco 2023, con la presencia de la alcaldesa Abelina Rodr\u00edguez y la<\/p>\n","protected":false},"author":4,"featured_media":5033,"comment_status":"open","ping_status":"open","sticky":false,"template":"","format":"standard","meta":{"colormag_page_container_layout":"default_layout","colormag_page_sidebar_layout":"default_layout","rop_custom_images_group":[],"rop_custom_messages_group":[],"rop_publish_now":"initial","rop_publish_now_accounts":{"facebook_109133384920963_108472061465099":""},"rop_publish_now_history":[],"rop_publish_now_status":"pending","footnotes":""},"categories":[12],"tags":[94,67,17,26,20,18,19,100,97,91,84,99,21,23,22],"class_list":["post-5031","post","type-post","status-publish","format-standard","has-post-thumbnail","hentry","category-municipios-en-mexico","tag-abelina-lopez-rodriguez","tag-acapulco","tag-cuitlahuac-garcia-jimenez","tag-el-veracruzano-vip","tag-enterate","tag-gobierno-del-estado-de-veracruz","tag-redes-sociales","tag-secretaria-de-economia","tag-secretaria-de-educacion-publica","tag-secretaria-de-educacion-veracruz","tag-secretaria-de-proteccion-civil-del-estado-de-veracruz","tag-secretaria-del-trabajo-y-prevision-social","tag-ultima-hora","tag-ultimas-noticias","tag-ultimo-minuto"],"_links":{"self":[{"href":"https:\/\/elveracruzano.vip\/index.php?rest_route=\/wp\/v2\/posts\/5031","targetHints":{"allow":["GET"]}}],"collection":[{"href":"https:\/\/elveracruzano.vip\/index.php?rest_route=\/wp\/v2\/posts"}],"about":[{"href":"https:\/\/elveracruzano.vip\/index.php?rest_route=\/wp\/v2\/types\/post"}],"author":[{"embeddable":true,"href":"https:\/\/elveracruzano.vip\/index.php?rest_route=\/wp\/v2\/users\/4"}],"replies":[{"embeddable":true,"href":"https:\/\/elveracruzano.vip\/index.php?rest_route=%2Fwp%2Fv2%2Fcomments&post=5031"}],"version-history":[{"count":1,"href":"https:\/\/elveracruzano.vip\/index.php?rest_route=\/wp\/v2\/posts\/5031\/revisions"}],"predecessor-version":[{"id":5035,"href":"https:\/\/elveracruzano.vip\/index.php?rest_route=\/wp\/v2\/posts\/5031\/revisions\/5035"}],"wp:featuredmedia":[{"embeddable":true,"href":"https:\/\/elveracruzano.vip\/index.php?rest_route=\/wp\/v2\/media\/5033"}],"wp:attachment":[{"href":"https:\/\/elveracruzano.vip\/index.php?rest_route=%2Fwp%2Fv2%2Fmedia&parent=5031"}],"wp:term":[{"taxonomy":"category","embeddable":true,"href":"https:\/\/elveracruzano.vip\/index.php?rest_route=%2Fwp%2Fv2%2Fcategories&post=5031"},{"taxonomy":"post_tag","embeddable":true,"href":"https:\/\/elveracruzano.vip\/index.php?rest_route=%2Fwp%2Fv2%2Ftags&post=5031"}],"curies":[{"name":"wp","href":"https:\/\/api.w.org\/{rel}","templated":true}]}}