{"id":5017,"date":"2023-03-16T15:29:56","date_gmt":"2023-03-16T21:29:56","guid":{"rendered":"http:\/\/elveracruzano.vip\/?p=5017"},"modified":"2023-03-16T15:29:58","modified_gmt":"2023-03-16T21:29:58","slug":"recibe-presidente-municipal-de-xalapa-ricardo-ahued-a-patronatos-en-audiencia-ciudadana-ahuedricardo-aytoxalapa","status":"publish","type":"post","link":"https:\/\/elveracruzano.vip\/?p=5017","title":{"rendered":"Recibe presidente municipal de Xalapa, Ricardo Ahued, a patronatos en audiencia ciudadana \/ @ahuedricardo @AytoXalapa >>>"},"content":{"rendered":"\n<p><strong>#Xalapa, #Ver.- <\/strong>En una jornada de audiencia ciudadana, el presidente municipal Ricardo Ahued Bardahuil recibi\u00f3 esta ma\u00f1ana a representantes de patronatos de las colonias Lomas de Chapultepec y Unidad y Progreso, quienes entregaron la solicitud para la pavimentaci\u00f3n de la calle Prolongaci\u00f3n Diamante.<\/p>\n\n\n\n<p>Se trata de una v\u00eda de entre 80 y 100 metros lineales dividida en dos carriles por un camell\u00f3n, que adem\u00e1s representa la conectividad con los municipios de San Andr\u00e9s Tlalnelhuayocan y Banderilla.<\/p>\n\n\n\n<p>En la Sala Ex Presidentes, el Edil inform\u00f3 que se cuenta con los recursos para la elaboraci\u00f3n de un proyecto ejecutivo de urbanizaci\u00f3n integral, el cual incluir\u00eda un an\u00e1lisis para la pavimentaci\u00f3n y la intervenci\u00f3n de las redes de agua potable y de drenajes, tras aprobaci\u00f3n del Cabildo y del Consejo de Desarrollo Municipal (CDM).<\/p>\n\n\n\n<figure class=\"wp-block-image aligncenter size-medium is-resized\"><img loading=\"lazy\" decoding=\"async\" src=\"http:\/\/elveracruzano.vip\/wp-content\/uploads\/2023\/03\/xalapa-rtex-300x200.jpg\" alt=\"\" class=\"wp-image-5020\" width=\"396\" height=\"264\" srcset=\"https:\/\/elveracruzano.vip\/wp-content\/uploads\/2023\/03\/xalapa-rtex-300x200.jpg 300w, https:\/\/elveracruzano.vip\/wp-content\/uploads\/2023\/03\/xalapa-rtex-768x512.jpg 768w, https:\/\/elveracruzano.vip\/wp-content\/uploads\/2023\/03\/xalapa-rtex-600x400.jpg 600w, https:\/\/elveracruzano.vip\/wp-content\/uploads\/2023\/03\/xalapa-rtex.jpg 1024w\" sizes=\"auto, (max-width: 396px) 100vw, 396px\" \/><\/figure>\n\n\n\n<p><strong>#ElVeracruzanoVIP &#8211; <\/strong><a href=\"https:\/\/www.facebook.com\/ElVeracruzanoVIP\/\">El Veracruzano VIP<\/a><\/p>\n","protected":false},"excerpt":{"rendered":"<p>#Xalapa, #Ver.- En una jornada de audiencia ciudadana, el presidente municipal Ricardo Ahued Bardahuil recibi\u00f3 esta ma\u00f1ana a representantes de<\/p>\n","protected":false},"author":4,"featured_media":5018,"comment_status":"open","ping_status":"open","sticky":false,"template":"","format":"standard","meta":{"colormag_page_container_layout":"default_layout","colormag_page_sidebar_layout":"default_layout","rop_custom_images_group":[],"rop_custom_messages_group":[],"rop_publish_now":"initial","rop_publish_now_accounts":{"facebook_109133384920963_108472061465099":""},"rop_publish_now_history":[],"rop_publish_now_status":"pending","footnotes":""},"categories":[11],"tags":[17,26,20,18,19,77,100,97,91,84,99,21,23,22,32],"class_list":["post-5017","post","type-post","status-publish","format-standard","has-post-thumbnail","hentry","category-municipios-destacados","tag-cuitlahuac-garcia-jimenez","tag-el-veracruzano-vip","tag-enterate","tag-gobierno-del-estado-de-veracruz","tag-redes-sociales","tag-ricardo-ahued-bardahuil","tag-secretaria-de-economia","tag-secretaria-de-educacion-publica","tag-secretaria-de-educacion-veracruz","tag-secretaria-de-proteccion-civil-del-estado-de-veracruz","tag-secretaria-del-trabajo-y-prevision-social","tag-ultima-hora","tag-ultimas-noticias","tag-ultimo-minuto","tag-xalapa"],"_links":{"self":[{"href":"https:\/\/elveracruzano.vip\/index.php?rest_route=\/wp\/v2\/posts\/5017","targetHints":{"allow":["GET"]}}],"collection":[{"href":"https:\/\/elveracruzano.vip\/index.php?rest_route=\/wp\/v2\/posts"}],"about":[{"href":"https:\/\/elveracruzano.vip\/index.php?rest_route=\/wp\/v2\/types\/post"}],"author":[{"embeddable":true,"href":"https:\/\/elveracruzano.vip\/index.php?rest_route=\/wp\/v2\/users\/4"}],"replies":[{"embeddable":true,"href":"https:\/\/elveracruzano.vip\/index.php?rest_route=%2Fwp%2Fv2%2Fcomments&post=5017"}],"version-history":[{"count":2,"href":"https:\/\/elveracruzano.vip\/index.php?rest_route=\/wp\/v2\/posts\/5017\/revisions"}],"predecessor-version":[{"id":5022,"href":"https:\/\/elveracruzano.vip\/index.php?rest_route=\/wp\/v2\/posts\/5017\/revisions\/5022"}],"wp:featuredmedia":[{"embeddable":true,"href":"https:\/\/elveracruzano.vip\/index.php?rest_route=\/wp\/v2\/media\/5018"}],"wp:attachment":[{"href":"https:\/\/elveracruzano.vip\/index.php?rest_route=%2Fwp%2Fv2%2Fmedia&parent=5017"}],"wp:term":[{"taxonomy":"category","embeddable":true,"href":"https:\/\/elveracruzano.vip\/index.php?rest_route=%2Fwp%2Fv2%2Fcategories&post=5017"},{"taxonomy":"post_tag","embeddable":true,"href":"https:\/\/elveracruzano.vip\/index.php?rest_route=%2Fwp%2Fv2%2Ftags&post=5017"}],"curies":[{"name":"wp","href":"https:\/\/api.w.org\/{rel}","templated":true}]}}