{"id":4850,"date":"2023-02-28T17:38:45","date_gmt":"2023-02-28T23:38:45","guid":{"rendered":"http:\/\/elveracruzano.vip\/?p=4850"},"modified":"2023-02-28T17:38:47","modified_gmt":"2023-02-28T23:38:47","slug":"veracruz-con-capacidades-insuperables-para-la-instalacion-de-tesla-gobernador-cuitlahuac-garcia-cuitlahuacgj-gobiernover","status":"publish","type":"post","link":"https:\/\/elveracruzano.vip\/?p=4850","title":{"rendered":"Veracruz con capacidades insuperables para la instalaci\u00f3n de Tesla: gobernador Cuitl\u00e1huac Garc\u00eda \/ @CuitlahuacGJ @GobiernoVer >>>"},"content":{"rendered":"\n<p><strong>#GobiernoDeVeracruz.- <\/strong>Veracruz cubre los desaf\u00edos de log\u00edstica y producci\u00f3n necesarios para la instalaci\u00f3n de la planta de producci\u00f3n de autos Tesla, asegur\u00f3 el gobernador Cuitl\u00e1huac Garc\u00eda Jim\u00e9nez en un mensaje formal para solicitar que la entidad sea considerada como el punto de inversi\u00f3n.<\/p>\n\n\n\n<p>Respaldado por la secretaria de Energ\u00eda, Roc\u00edo Nahle Garc\u00eda, y el senador Ernesto P\u00e9rez Astorga, inform\u00f3 que envi\u00f3 una misiva a la titular de Econom\u00eda a nivel federal, Raquel Buenrostro S\u00e1nchez, detallando el potencial del territorio veracruzano en recursos naturales, energ\u00e9ticos y de log\u00edstica.<\/p>\n\n\n\n<p>\u201cSomos el estado con la mayor disponibilidad de recursos h\u00eddricos (30 por ciento del pa\u00eds). Contamos con puertos de altura en Coatzacoalcos, Tuxpan y Veracruz, en este \u00faltimo se exporta el 60% de los veh\u00edculos manufacturados en M\u00e9xico; desde aqu\u00ed se registra el movimiento de carga de petr\u00f3leos y derivados gracias a su posici\u00f3n geogr\u00e1fica estrat\u00e9gica y conexiones a los principales mercados con 30 rutas navieras\u201d.<\/p>\n\n\n\n<p>Respecto a la conectividad, Garc\u00eda Jim\u00e9nez record\u00f3 que hay un sistema ferroviario que comunica a la zona oriente y sureste con el centro y la capital de la Rep\u00fablica, facilitando la salida y entrada de materias primas y productos manufacturados; a\u00f1adi\u00f3 que pronto ser\u00e1 el estado con una conexi\u00f3n entre los oc\u00e9anos Atl\u00e1ntico y Pac\u00edfico por el Istmo de Tehuantepec.<\/p>\n\n\n\n<p>Destac\u00f3 tambi\u00e9n que, en estas tierras se cuenta con la \u00fanica Central Nuclear (Laguna Verde) factor por el que Veracruz es un gran generador de energ\u00eda el\u00e9ctrica, teniendo un super\u00e1vit del 70%; adem\u00e1s, al liderar la producci\u00f3n de gas natural es determinante para asegurar el suministro de uso industrial.<\/p>\n\n\n\n<p><strong>#ElVeracruzanoVIP &#8211; <\/strong><a href=\"https:\/\/www.facebook.com\/ElVeracruzanoVIP\/\">El Veracruzano VIP<\/a><\/p>\n","protected":false},"excerpt":{"rendered":"<p>#GobiernoDeVeracruz.- Veracruz cubre los desaf\u00edos de log\u00edstica y producci\u00f3n necesarios para la instalaci\u00f3n de la planta de producci\u00f3n de autos<\/p>\n","protected":false},"author":4,"featured_media":4851,"comment_status":"open","ping_status":"open","sticky":false,"template":"","format":"standard","meta":{"colormag_page_container_layout":"default_layout","colormag_page_sidebar_layout":"default_layout","rop_custom_images_group":[],"rop_custom_messages_group":[],"rop_publish_now":"initial","rop_publish_now_accounts":{"facebook_109133384920963_108472061465099":""},"rop_publish_now_history":[],"rop_publish_now_status":"pending","footnotes":""},"categories":[14],"tags":[17,26,20,18,19,100,97,91,84,98,99,21,23,22],"class_list":["post-4850","post","type-post","status-publish","format-standard","has-post-thumbnail","hentry","category-secretarias","tag-cuitlahuac-garcia-jimenez","tag-el-veracruzano-vip","tag-enterate","tag-gobierno-del-estado-de-veracruz","tag-redes-sociales","tag-secretaria-de-economia","tag-secretaria-de-educacion-publica","tag-secretaria-de-educacion-veracruz","tag-secretaria-de-proteccion-civil-del-estado-de-veracruz","tag-secretaria-del-medio-ambiente","tag-secretaria-del-trabajo-y-prevision-social","tag-ultima-hora","tag-ultimas-noticias","tag-ultimo-minuto"],"_links":{"self":[{"href":"https:\/\/elveracruzano.vip\/index.php?rest_route=\/wp\/v2\/posts\/4850","targetHints":{"allow":["GET"]}}],"collection":[{"href":"https:\/\/elveracruzano.vip\/index.php?rest_route=\/wp\/v2\/posts"}],"about":[{"href":"https:\/\/elveracruzano.vip\/index.php?rest_route=\/wp\/v2\/types\/post"}],"author":[{"embeddable":true,"href":"https:\/\/elveracruzano.vip\/index.php?rest_route=\/wp\/v2\/users\/4"}],"replies":[{"embeddable":true,"href":"https:\/\/elveracruzano.vip\/index.php?rest_route=%2Fwp%2Fv2%2Fcomments&post=4850"}],"version-history":[{"count":2,"href":"https:\/\/elveracruzano.vip\/index.php?rest_route=\/wp\/v2\/posts\/4850\/revisions"}],"predecessor-version":[{"id":4853,"href":"https:\/\/elveracruzano.vip\/index.php?rest_route=\/wp\/v2\/posts\/4850\/revisions\/4853"}],"wp:featuredmedia":[{"embeddable":true,"href":"https:\/\/elveracruzano.vip\/index.php?rest_route=\/wp\/v2\/media\/4851"}],"wp:attachment":[{"href":"https:\/\/elveracruzano.vip\/index.php?rest_route=%2Fwp%2Fv2%2Fmedia&parent=4850"}],"wp:term":[{"taxonomy":"category","embeddable":true,"href":"https:\/\/elveracruzano.vip\/index.php?rest_route=%2Fwp%2Fv2%2Fcategories&post=4850"},{"taxonomy":"post_tag","embeddable":true,"href":"https:\/\/elveracruzano.vip\/index.php?rest_route=%2Fwp%2Fv2%2Ftags&post=4850"}],"curies":[{"name":"wp","href":"https:\/\/api.w.org\/{rel}","templated":true}]}}