{"id":4846,"date":"2023-02-28T17:35:26","date_gmt":"2023-02-28T23:35:26","guid":{"rendered":"http:\/\/elveracruzano.vip\/?p=4846"},"modified":"2023-02-28T17:35:27","modified_gmt":"2023-02-28T23:35:27","slug":"el-cafe-centro-del-desarrollo-turistico-y-economico-en-xalapa-ahuedricardo-aytoxalapa","status":"publish","type":"post","link":"https:\/\/elveracruzano.vip\/?p=4846","title":{"rendered":"El caf\u00e9, centro del desarrollo tur\u00edstico y econ\u00f3mico en Xalapa \/ @ahuedricardo @AytoXalapa >>>"},"content":{"rendered":"\n<p><strong>#Xalapa, #Ver.-<\/strong> Actividades culturales y recreativas, exposici\u00f3n y venta de caf\u00e9 y sus productos derivados, as\u00ed como degustaciones, demostraciones de tostado, charlas y talleres, es parte de lo que se vivir\u00e1 en el Parque Benito Ju\u00e1rez, del 3 al 5 de marzo, como parte del evento \u201cXalapa, Caf\u00e9 y Aroma\u201d.<\/p>\n\n\n\n<p>El director de Turismo, Josu\u00e9 V\u00e1zquez Gonz\u00e1lez, dio a conocer que esta es una iniciativa de la regidora presidenta de la Comisi\u00f3n de Turismo, Ana Cristina Hern\u00e1ndez Aburto, que cuenta con todo el respaldo del presidente municipal Ricardo Ahued Bardahuil y diferentes \u00e1reas del Ayuntamiento, ya que el caf\u00e9 es fundamental no solo para el desarrollo econ\u00f3mico, sino tambi\u00e9n en materia tur\u00edstica.<\/p>\n\n\n\n<p>\u201cXalapa forma parte de una de las regiones cafetaleras m\u00e1s importantes y consolidadas del pa\u00eds, y conocer el proceso de producci\u00f3n del arom\u00e1tico, desde la siembra hasta que llega a la taza, se ha convertido en una experiencia \u00fanica para las y los turistas\u201d.<\/p>\n\n\n\n<p>El funcionario manifest\u00f3 que en esta edici\u00f3n, se contar\u00e1 con tres pabellones donde productores de caf\u00e9 de Xalapa y la regi\u00f3n, as\u00ed como de otros municipios del estado, ofrecer\u00e1n caf\u00e9 y productos derivados del grano.<\/p>\n\n\n\n<p>Adem\u00e1s, durante los tres d\u00edas del evento se desarrollar\u00e1 un importante ciclo de conferencias a cargo especialistas en el mundo del caf\u00e9: \u201cSer\u00e1 un escaparate para la promoci\u00f3n y difusi\u00f3n de los productores, y para que todos conozcan los atractivos tur\u00edsticos y sitios de inter\u00e9s de la regi\u00f3n\u201d.<\/p>\n\n\n\n<p><strong>#ElVeracruzanoVIP &#8211; <\/strong><a href=\"https:\/\/www.facebook.com\/ElVeracruzanoVIP\/\">El Veracruzano VIP<\/a><\/p>\n","protected":false},"excerpt":{"rendered":"<p>#Xalapa, #Ver.- Actividades culturales y recreativas, exposici\u00f3n y venta de caf\u00e9 y sus productos derivados, as\u00ed como degustaciones, demostraciones de<\/p>\n","protected":false},"author":4,"featured_media":4847,"comment_status":"open","ping_status":"open","sticky":false,"template":"","format":"standard","meta":{"colormag_page_container_layout":"default_layout","colormag_page_sidebar_layout":"default_layout","rop_custom_images_group":[],"rop_custom_messages_group":[],"rop_publish_now":"initial","rop_publish_now_accounts":{"facebook_109133384920963_108472061465099":""},"rop_publish_now_history":[],"rop_publish_now_status":"pending","footnotes":""},"categories":[11],"tags":[17,26,20,18,19,77,100,97,91,84,98,99,21,23,22,32],"class_list":["post-4846","post","type-post","status-publish","format-standard","has-post-thumbnail","hentry","category-municipios-destacados","tag-cuitlahuac-garcia-jimenez","tag-el-veracruzano-vip","tag-enterate","tag-gobierno-del-estado-de-veracruz","tag-redes-sociales","tag-ricardo-ahued-bardahuil","tag-secretaria-de-economia","tag-secretaria-de-educacion-publica","tag-secretaria-de-educacion-veracruz","tag-secretaria-de-proteccion-civil-del-estado-de-veracruz","tag-secretaria-del-medio-ambiente","tag-secretaria-del-trabajo-y-prevision-social","tag-ultima-hora","tag-ultimas-noticias","tag-ultimo-minuto","tag-xalapa"],"_links":{"self":[{"href":"https:\/\/elveracruzano.vip\/index.php?rest_route=\/wp\/v2\/posts\/4846","targetHints":{"allow":["GET"]}}],"collection":[{"href":"https:\/\/elveracruzano.vip\/index.php?rest_route=\/wp\/v2\/posts"}],"about":[{"href":"https:\/\/elveracruzano.vip\/index.php?rest_route=\/wp\/v2\/types\/post"}],"author":[{"embeddable":true,"href":"https:\/\/elveracruzano.vip\/index.php?rest_route=\/wp\/v2\/users\/4"}],"replies":[{"embeddable":true,"href":"https:\/\/elveracruzano.vip\/index.php?rest_route=%2Fwp%2Fv2%2Fcomments&post=4846"}],"version-history":[{"count":2,"href":"https:\/\/elveracruzano.vip\/index.php?rest_route=\/wp\/v2\/posts\/4846\/revisions"}],"predecessor-version":[{"id":4849,"href":"https:\/\/elveracruzano.vip\/index.php?rest_route=\/wp\/v2\/posts\/4846\/revisions\/4849"}],"wp:featuredmedia":[{"embeddable":true,"href":"https:\/\/elveracruzano.vip\/index.php?rest_route=\/wp\/v2\/media\/4847"}],"wp:attachment":[{"href":"https:\/\/elveracruzano.vip\/index.php?rest_route=%2Fwp%2Fv2%2Fmedia&parent=4846"}],"wp:term":[{"taxonomy":"category","embeddable":true,"href":"https:\/\/elveracruzano.vip\/index.php?rest_route=%2Fwp%2Fv2%2Fcategories&post=4846"},{"taxonomy":"post_tag","embeddable":true,"href":"https:\/\/elveracruzano.vip\/index.php?rest_route=%2Fwp%2Fv2%2Ftags&post=4846"}],"curies":[{"name":"wp","href":"https:\/\/api.w.org\/{rel}","templated":true}]}}