{"id":4826,"date":"2023-02-23T17:13:51","date_gmt":"2023-02-23T23:13:51","guid":{"rendered":"http:\/\/elveracruzano.vip\/?p=4826"},"modified":"2023-02-23T17:13:52","modified_gmt":"2023-02-23T23:13:52","slug":"participan-alumnos-de-bachiller-en-el-curso-taller-basico-de-acuacultura-en-coatzacoalcos-cruzmalpica-coatzagob","status":"publish","type":"post","link":"https:\/\/elveracruzano.vip\/?p=4826","title":{"rendered":"Participan alumnos de bachiller en el \u201cCurso Taller B\u00e1sico de Acuacultura\u201d en Coatzacoalcos \/ @CruzMalpica @coatzagob >>>"},"content":{"rendered":"\n<p><strong>#Coatzacoalcos, #Ver.-<\/strong> Un total de 51 alumnos del Telebachillerato de la congregaci\u00f3n Las Barrillas participaron en el \u201cCurso Taller B\u00e1sico de Acuacultura\u201d, cuya finalidad fue promover e inculcar entre los j\u00f3venes el gusto por esta actividad productiva y darles herramientas para aplicarlo en su vida diaria a trav\u00e9s del autoconsumo o con fines de emprendimiento.<\/p>\n\n\n\n<p>El Gobierno Municipal que preside Amado Cruz Malpica, a trav\u00e9s de la Direcci\u00f3n de Desarrollo Agropecuario a cargo de Rutilio de Dios Ramos, acerc\u00f3 esta capacitaci\u00f3n que se llev\u00f3 a cabo en el ejido Guillermo Prieto en la granja acu\u00edcola Pezgo, impartida por el bi\u00f3logo Israel Esquinca L\u00f3pez.<\/p>\n\n\n\n<p>El funcionario municipal coment\u00f3 que los alumnos del Tebaev aprendieron la forma correcta de alimentaci\u00f3n de los peces, a recolectar huevecillos de mojarra y colocarlos en la incubadora donde se lleva a cabo el proceso de nacimiento de los alevines.<\/p>\n\n\n\n<p>Rutilio de Dios agreg\u00f3 que, dentro del curso, tambi\u00e9n les explicaron la manera correcta de construcci\u00f3n de un estanque para la acuacultura y los implementos necesarios para su correcto funcionamiento enfatizando sobre el valor de realizar esta actividad.<\/p>\n\n\n\n<p>Al finalizar, se entregaron reconocimientos a los bachilleres por su entusiasta asistencia al taller, cumpliendo con el objetivo de contribuir a la formaci\u00f3n de productores y sumar personas interesadas en el desarrollo de esta actividad generadora de alimento y peces de ornato.<\/p>\n\n\n\n<p><strong>#ElVeracruzanoVIP &#8211; <\/strong><a href=\"https:\/\/www.facebook.com\/ElVeracruzanoVIP\/\">El Veracruzano VIP<\/a><\/p>\n","protected":false},"excerpt":{"rendered":"<p>#Coatzacoalcos, #Ver.- Un total de 51 alumnos del Telebachillerato de la congregaci\u00f3n Las Barrillas participaron en el \u201cCurso Taller B\u00e1sico<\/p>\n","protected":false},"author":4,"featured_media":4827,"comment_status":"open","ping_status":"open","sticky":false,"template":"","format":"standard","meta":{"colormag_page_container_layout":"default_layout","colormag_page_sidebar_layout":"default_layout","rop_custom_images_group":[],"rop_custom_messages_group":[],"rop_publish_now":"initial","rop_publish_now_accounts":{"facebook_109133384920963_108472061465099":""},"rop_publish_now_history":[],"rop_publish_now_status":"pending","footnotes":""},"categories":[10],"tags":[78,37,17,26,20,18,19,100,97,91,84,98,99,21,23,22],"class_list":["post-4826","post","type-post","status-publish","format-standard","has-post-thumbnail","hentry","category-municipios","tag-amado-cruz-malpica","tag-coatzacoalcos","tag-cuitlahuac-garcia-jimenez","tag-el-veracruzano-vip","tag-enterate","tag-gobierno-del-estado-de-veracruz","tag-redes-sociales","tag-secretaria-de-economia","tag-secretaria-de-educacion-publica","tag-secretaria-de-educacion-veracruz","tag-secretaria-de-proteccion-civil-del-estado-de-veracruz","tag-secretaria-del-medio-ambiente","tag-secretaria-del-trabajo-y-prevision-social","tag-ultima-hora","tag-ultimas-noticias","tag-ultimo-minuto"],"_links":{"self":[{"href":"https:\/\/elveracruzano.vip\/index.php?rest_route=\/wp\/v2\/posts\/4826","targetHints":{"allow":["GET"]}}],"collection":[{"href":"https:\/\/elveracruzano.vip\/index.php?rest_route=\/wp\/v2\/posts"}],"about":[{"href":"https:\/\/elveracruzano.vip\/index.php?rest_route=\/wp\/v2\/types\/post"}],"author":[{"embeddable":true,"href":"https:\/\/elveracruzano.vip\/index.php?rest_route=\/wp\/v2\/users\/4"}],"replies":[{"embeddable":true,"href":"https:\/\/elveracruzano.vip\/index.php?rest_route=%2Fwp%2Fv2%2Fcomments&post=4826"}],"version-history":[{"count":1,"href":"https:\/\/elveracruzano.vip\/index.php?rest_route=\/wp\/v2\/posts\/4826\/revisions"}],"predecessor-version":[{"id":4828,"href":"https:\/\/elveracruzano.vip\/index.php?rest_route=\/wp\/v2\/posts\/4826\/revisions\/4828"}],"wp:featuredmedia":[{"embeddable":true,"href":"https:\/\/elveracruzano.vip\/index.php?rest_route=\/wp\/v2\/media\/4827"}],"wp:attachment":[{"href":"https:\/\/elveracruzano.vip\/index.php?rest_route=%2Fwp%2Fv2%2Fmedia&parent=4826"}],"wp:term":[{"taxonomy":"category","embeddable":true,"href":"https:\/\/elveracruzano.vip\/index.php?rest_route=%2Fwp%2Fv2%2Fcategories&post=4826"},{"taxonomy":"post_tag","embeddable":true,"href":"https:\/\/elveracruzano.vip\/index.php?rest_route=%2Fwp%2Fv2%2Ftags&post=4826"}],"curies":[{"name":"wp","href":"https:\/\/api.w.org\/{rel}","templated":true}]}}