{"id":4823,"date":"2023-02-23T17:08:59","date_gmt":"2023-02-23T23:08:59","guid":{"rendered":"http:\/\/elveracruzano.vip\/?p=4823"},"modified":"2023-02-23T17:09:00","modified_gmt":"2023-02-23T23:09:00","slug":"alcaldesa-montserrat-caballero-realizara-el-retiro-de-ninos-en-condicion-de-calle-en-tijuana-baja-california-montserrat4t-gobtijuanamx","status":"publish","type":"post","link":"https:\/\/elveracruzano.vip\/?p=4823","title":{"rendered":"Alcaldesa Montserrat Caballero realizar\u00e1 el retir\u00f3 de ni\u00f1os en condici\u00f3n de calle en Tijuana, Baja California \/ @Montserrat4T @gobtijuanamx >>>"},"content":{"rendered":"\n<p><strong>#Tijuana, #B.C.-<\/strong>&nbsp;La alcaldesa Montserrat Caballero Ram\u00edrez anunci\u00f3 que la pr\u00f3xima semana, personal de la Secretar\u00eda de Bienestar junto con la polic\u00eda especializada realizar\u00e1 el retiro de la ni\u00f1ez que trabaja en las calles, y aunque asegur\u00f3 que no tiene la facultad de retenerlos, s\u00ed de tomarlos y llevarlos a la puerta de DIF Estatal.<\/p>\n\n\n\n<p>Durante la instalaci\u00f3n de la Comisi\u00f3n para la Protecci\u00f3n de la Ni\u00f1ez y la Adolescencia, la alcaldesa puntualiz\u00f3 que para que realmente funcionen estos entes, debe existir la colaboraci\u00f3n entre los tres niveles de gobierno, adem\u00e1s de la iniciativa privada, para que no solo quede en una ceremonia bonita.<\/p>\n\n\n\n<p>Acompa\u00f1ada del secretario de Gobierno, Miguel Angel Bujanda Ruiz, la alcaldesa coment\u00f3 que siempre ha cre\u00eddo que si se quiere una mejor ciudad, se deber\u00eda escuchar y acercar m\u00e1s a los ni\u00f1os, porque es impresionante su l\u00f3gica con la que ven el mundo.<\/p>\n\n\n\n<p>Reunidos en las instalaciones de la Fundaci\u00f3n Castro Lim\u00f3n, la primera edil agradeci\u00f3 la representaci\u00f3n de la gobernadora Marina del Pilar \u00c1vila Olmeda y le solicit\u00f3 a la directora general del Sistema para el Desarrollo Integral de la Familia de Baja California, M\u00f3nica Vargas, comenzar con las mesas de trabajo que no pasen de esta semana, para que los ni\u00f1os crezcan en las condiciones que merecen.<\/p>\n\n\n\n<p><strong>#ElVeracruzanoVIP &#8211; <\/strong><a href=\"https:\/\/www.facebook.com\/ElVeracruzanoVIP\/\">El Veracruzano VIP<\/a><\/p>\n","protected":false},"excerpt":{"rendered":"<p>#Tijuana, #B.C.-&nbsp;La alcaldesa Montserrat Caballero Ram\u00edrez anunci\u00f3 que la pr\u00f3xima semana, personal de la Secretar\u00eda de Bienestar junto con la<\/p>\n","protected":false},"author":4,"featured_media":4824,"comment_status":"open","ping_status":"open","sticky":false,"template":"","format":"standard","meta":{"colormag_page_container_layout":"default_layout","colormag_page_sidebar_layout":"default_layout","rop_custom_images_group":[],"rop_custom_messages_group":[],"rop_publish_now":"initial","rop_publish_now_accounts":{"facebook_109133384920963_108472061465099":""},"rop_publish_now_history":[],"rop_publish_now_status":"pending","footnotes":""},"categories":[12],"tags":[68,17,26,20,18,95,19,100,97,91,84,98,99,21,23,22],"class_list":["post-4823","post","type-post","status-publish","format-standard","has-post-thumbnail","hentry","category-municipios-en-mexico","tag-ayuntamiento-de-tijuana","tag-cuitlahuac-garcia-jimenez","tag-el-veracruzano-vip","tag-enterate","tag-gobierno-del-estado-de-veracruz","tag-montserrat-caballero-ramirez","tag-redes-sociales","tag-secretaria-de-economia","tag-secretaria-de-educacion-publica","tag-secretaria-de-educacion-veracruz","tag-secretaria-de-proteccion-civil-del-estado-de-veracruz","tag-secretaria-del-medio-ambiente","tag-secretaria-del-trabajo-y-prevision-social","tag-ultima-hora","tag-ultimas-noticias","tag-ultimo-minuto"],"_links":{"self":[{"href":"https:\/\/elveracruzano.vip\/index.php?rest_route=\/wp\/v2\/posts\/4823","targetHints":{"allow":["GET"]}}],"collection":[{"href":"https:\/\/elveracruzano.vip\/index.php?rest_route=\/wp\/v2\/posts"}],"about":[{"href":"https:\/\/elveracruzano.vip\/index.php?rest_route=\/wp\/v2\/types\/post"}],"author":[{"embeddable":true,"href":"https:\/\/elveracruzano.vip\/index.php?rest_route=\/wp\/v2\/users\/4"}],"replies":[{"embeddable":true,"href":"https:\/\/elveracruzano.vip\/index.php?rest_route=%2Fwp%2Fv2%2Fcomments&post=4823"}],"version-history":[{"count":1,"href":"https:\/\/elveracruzano.vip\/index.php?rest_route=\/wp\/v2\/posts\/4823\/revisions"}],"predecessor-version":[{"id":4825,"href":"https:\/\/elveracruzano.vip\/index.php?rest_route=\/wp\/v2\/posts\/4823\/revisions\/4825"}],"wp:featuredmedia":[{"embeddable":true,"href":"https:\/\/elveracruzano.vip\/index.php?rest_route=\/wp\/v2\/media\/4824"}],"wp:attachment":[{"href":"https:\/\/elveracruzano.vip\/index.php?rest_route=%2Fwp%2Fv2%2Fmedia&parent=4823"}],"wp:term":[{"taxonomy":"category","embeddable":true,"href":"https:\/\/elveracruzano.vip\/index.php?rest_route=%2Fwp%2Fv2%2Fcategories&post=4823"},{"taxonomy":"post_tag","embeddable":true,"href":"https:\/\/elveracruzano.vip\/index.php?rest_route=%2Fwp%2Fv2%2Ftags&post=4823"}],"curies":[{"name":"wp","href":"https:\/\/api.w.org\/{rel}","templated":true}]}}