{"id":4813,"date":"2023-02-23T17:01:20","date_gmt":"2023-02-23T23:01:20","guid":{"rendered":"http:\/\/elveracruzano.vip\/?p=4813"},"modified":"2023-02-23T17:01:21","modified_gmt":"2023-02-23T23:01:21","slug":"exhorta-la-direccion-general-de-transito-y-seguridad-vial-a-evitar-accidentes-y-multas-cuitlahuacgj-gobiernover","status":"publish","type":"post","link":"https:\/\/elveracruzano.vip\/?p=4813","title":{"rendered":"Exhorta la Direcci\u00f3n General de Tr\u00e1nsito y Seguridad Vial a evitar accidentes y multas \/ @CuitlahuacGJ @GobiernoVer >>>"},"content":{"rendered":"\n<p><strong>#GobiernoDeVeracruz.-<\/strong> De acuerdo con informaci\u00f3n proporcionada por la Direcci\u00f3n General de Tr\u00e1nsito y Seguridad Vial (DGTSV), del 1 de enero a lo que va del mes de febrero se han contabilizado 103 accidentes por motocicletas; por esta raz\u00f3n se exhorta a los conductores a acatar la Ley de Tr\u00e1nsito.<\/p>\n\n\n\n<p>Las principales causas de sanciones hacia los motociclistas son: conducir sin casco protector de conductor y\/o pasajero, sin licencia o permiso para conducir, estacionar donde existe se\u00f1alizaci\u00f3n que lo proh\u00edba, falta de tarjeta de circulaci\u00f3n y circular en sentido contrario.<\/p>\n\n\n\n<p>S\u00f3lo el hecho de utilizar casco con certificaci\u00f3n NOM-115-STPS-1994 y DOT ECE\/22-05 disminuye hasta en un 39% la probabilidad de muerte y un 72% la gravedad de traumatismos craneales, de acuerdo al Secretariado T\u00e9cnico del Consejo Nacional para la Prevenci\u00f3n de Accidentes.<\/p>\n\n\n\n<p>En este sentido, el art\u00edculo 172 del reglamento de la Ley de Tr\u00e1nsito y Seguridad Vial para el Estado de Veracruz en su fracci\u00f3n IV dice a la letra \u201cEn caso de los motociclistas y sus acompa\u00f1antes, deber\u00e1n usar casco debidamente colocado y abrochado, que cumpla con las normas Oficiales Mexicanas\u201d.<\/p>\n\n\n\n<p>No hacer uso de este elemento es considerado como grave y lo har\u00e1 acreedor a una infracci\u00f3n que va desde 16 a 30 unidades de Medida y Actualizaci\u00f3n (UMAS).<\/p>\n\n\n\n<p>Desde la Secretar\u00eda de Seguridad P\u00fablica se implementa el programa Motociclista Responsable con la finalidad de prevenir y disminuir accidentes que afectan el patrimonio de las y los veracruzanos; pero, sobre todo, la salud e integridad f\u00edsica.<\/p>\n\n\n\n<p><strong>#ElVeracruzanoVIP &#8211; <\/strong><a href=\"https:\/\/www.facebook.com\/ElVeracruzanoVIP\/\">El Veracruzano VIP<\/a><\/p>\n","protected":false},"excerpt":{"rendered":"<p>#GobiernoDeVeracruz.- De acuerdo con informaci\u00f3n proporcionada por la Direcci\u00f3n General de Tr\u00e1nsito y Seguridad Vial (DGTSV), del 1 de enero<\/p>\n","protected":false},"author":4,"featured_media":4814,"comment_status":"open","ping_status":"open","sticky":false,"template":"","format":"standard","meta":{"colormag_page_container_layout":"default_layout","colormag_page_sidebar_layout":"default_layout","rop_custom_images_group":[],"rop_custom_messages_group":[],"rop_publish_now":"initial","rop_publish_now_accounts":{"facebook_109133384920963_108472061465099":""},"rop_publish_now_history":[],"rop_publish_now_status":"pending","footnotes":""},"categories":[14],"tags":[17,26,20,18,19,100,97,91,84,98,99,21,23,22],"class_list":["post-4813","post","type-post","status-publish","format-standard","has-post-thumbnail","hentry","category-secretarias","tag-cuitlahuac-garcia-jimenez","tag-el-veracruzano-vip","tag-enterate","tag-gobierno-del-estado-de-veracruz","tag-redes-sociales","tag-secretaria-de-economia","tag-secretaria-de-educacion-publica","tag-secretaria-de-educacion-veracruz","tag-secretaria-de-proteccion-civil-del-estado-de-veracruz","tag-secretaria-del-medio-ambiente","tag-secretaria-del-trabajo-y-prevision-social","tag-ultima-hora","tag-ultimas-noticias","tag-ultimo-minuto"],"_links":{"self":[{"href":"https:\/\/elveracruzano.vip\/index.php?rest_route=\/wp\/v2\/posts\/4813","targetHints":{"allow":["GET"]}}],"collection":[{"href":"https:\/\/elveracruzano.vip\/index.php?rest_route=\/wp\/v2\/posts"}],"about":[{"href":"https:\/\/elveracruzano.vip\/index.php?rest_route=\/wp\/v2\/types\/post"}],"author":[{"embeddable":true,"href":"https:\/\/elveracruzano.vip\/index.php?rest_route=\/wp\/v2\/users\/4"}],"replies":[{"embeddable":true,"href":"https:\/\/elveracruzano.vip\/index.php?rest_route=%2Fwp%2Fv2%2Fcomments&post=4813"}],"version-history":[{"count":3,"href":"https:\/\/elveracruzano.vip\/index.php?rest_route=\/wp\/v2\/posts\/4813\/revisions"}],"predecessor-version":[{"id":4817,"href":"https:\/\/elveracruzano.vip\/index.php?rest_route=\/wp\/v2\/posts\/4813\/revisions\/4817"}],"wp:featuredmedia":[{"embeddable":true,"href":"https:\/\/elveracruzano.vip\/index.php?rest_route=\/wp\/v2\/media\/4814"}],"wp:attachment":[{"href":"https:\/\/elveracruzano.vip\/index.php?rest_route=%2Fwp%2Fv2%2Fmedia&parent=4813"}],"wp:term":[{"taxonomy":"category","embeddable":true,"href":"https:\/\/elveracruzano.vip\/index.php?rest_route=%2Fwp%2Fv2%2Fcategories&post=4813"},{"taxonomy":"post_tag","embeddable":true,"href":"https:\/\/elveracruzano.vip\/index.php?rest_route=%2Fwp%2Fv2%2Ftags&post=4813"}],"curies":[{"name":"wp","href":"https:\/\/api.w.org\/{rel}","templated":true}]}}