{"id":4798,"date":"2023-02-21T18:55:08","date_gmt":"2023-02-22T00:55:08","guid":{"rendered":"http:\/\/elveracruzano.vip\/?p=4798"},"modified":"2023-02-21T18:55:09","modified_gmt":"2023-02-22T00:55:09","slug":"opera-orfeo-y-euridice-de-christoph-willibald-gluck","status":"publish","type":"post","link":"https:\/\/elveracruzano.vip\/?p=4798","title":{"rendered":"<strong>\u00d3pera \u00abOrfeo y Eur\u00eddice\u00bb, de Christoph Willibald Gluck.<\/strong>"},"content":{"rendered":"\n<p><strong>#Eventos.- <\/strong>Un coro lamenta la muerte de Eur\u00eddice alrededor de su tumba, mientras Orfeo llora desesperado. Los dioses se apiadan de su sufrimiento y mandan a Amor a darle la noticia de que podr\u00e1 bajar al Hades a rescatarla, con la \u00fanica condici\u00f3n de no mirarla ni hablarle hasta salir al mundo de los vivos.<\/p>\n\n\n\n<p>Ya en el inframundo, Orfeo es recibido por un coro de furias, a las que apacigua con su lira y logra que le franqueen la entrada a los Campos El\u00edseos para buscar a Eur\u00eddice. Una vez que la encuentra emprenden el camino de retorno, pero ella cree que ya no la ama porque no voltea a verla ni responde a sus s\u00faplicas. Orfeo no puede soportar la tristeza de Eur\u00eddice y rompe la promesa que le hizo a Amor; en ese momento vuelve a perderla. Doblegado por el dolor, decide quitarse la vida para volver con ella al Hades pero, una vez m\u00e1s, Amor se apiada de los esposos y, para premiar la constancia de su amor, los deja volver a la vida, en donde son recibidos victoriosos.<\/p>\n\n\n\n<p><strong>#ElVeracruzanoVIP &#8211; <\/strong><a href=\"https:\/\/www.facebook.com\/ElVeracruzanoVIP\/\">El Veracruzano VIP<\/a><\/p>\n","protected":false},"excerpt":{"rendered":"<p>#Eventos.- Un coro lamenta la muerte de Eur\u00eddice alrededor de su tumba, mientras Orfeo llora desesperado. Los dioses se apiadan<\/p>\n","protected":false},"author":4,"featured_media":4799,"comment_status":"open","ping_status":"open","sticky":false,"template":"","format":"standard","meta":{"colormag_page_container_layout":"default_layout","colormag_page_sidebar_layout":"default_layout","rop_custom_images_group":[],"rop_custom_messages_group":[],"rop_publish_now":"initial","rop_publish_now_accounts":{"facebook_109133384920963_108472061465099":""},"rop_publish_now_history":[],"rop_publish_now_status":"pending","footnotes":""},"categories":[9],"tags":[17,26,20,18,19,91,84,98,21,23,22],"class_list":["post-4798","post","type-post","status-publish","format-standard","has-post-thumbnail","hentry","category-eventos-especiales","tag-cuitlahuac-garcia-jimenez","tag-el-veracruzano-vip","tag-enterate","tag-gobierno-del-estado-de-veracruz","tag-redes-sociales","tag-secretaria-de-educacion-veracruz","tag-secretaria-de-proteccion-civil-del-estado-de-veracruz","tag-secretaria-del-medio-ambiente","tag-ultima-hora","tag-ultimas-noticias","tag-ultimo-minuto"],"_links":{"self":[{"href":"https:\/\/elveracruzano.vip\/index.php?rest_route=\/wp\/v2\/posts\/4798","targetHints":{"allow":["GET"]}}],"collection":[{"href":"https:\/\/elveracruzano.vip\/index.php?rest_route=\/wp\/v2\/posts"}],"about":[{"href":"https:\/\/elveracruzano.vip\/index.php?rest_route=\/wp\/v2\/types\/post"}],"author":[{"embeddable":true,"href":"https:\/\/elveracruzano.vip\/index.php?rest_route=\/wp\/v2\/users\/4"}],"replies":[{"embeddable":true,"href":"https:\/\/elveracruzano.vip\/index.php?rest_route=%2Fwp%2Fv2%2Fcomments&post=4798"}],"version-history":[{"count":1,"href":"https:\/\/elveracruzano.vip\/index.php?rest_route=\/wp\/v2\/posts\/4798\/revisions"}],"predecessor-version":[{"id":4800,"href":"https:\/\/elveracruzano.vip\/index.php?rest_route=\/wp\/v2\/posts\/4798\/revisions\/4800"}],"wp:featuredmedia":[{"embeddable":true,"href":"https:\/\/elveracruzano.vip\/index.php?rest_route=\/wp\/v2\/media\/4799"}],"wp:attachment":[{"href":"https:\/\/elveracruzano.vip\/index.php?rest_route=%2Fwp%2Fv2%2Fmedia&parent=4798"}],"wp:term":[{"taxonomy":"category","embeddable":true,"href":"https:\/\/elveracruzano.vip\/index.php?rest_route=%2Fwp%2Fv2%2Fcategories&post=4798"},{"taxonomy":"post_tag","embeddable":true,"href":"https:\/\/elveracruzano.vip\/index.php?rest_route=%2Fwp%2Fv2%2Ftags&post=4798"}],"curies":[{"name":"wp","href":"https:\/\/api.w.org\/{rel}","templated":true}]}}