{"id":4764,"date":"2023-02-21T18:06:26","date_gmt":"2023-02-22T00:06:26","guid":{"rendered":"http:\/\/elveracruzano.vip\/?p=4764"},"modified":"2023-02-21T18:06:27","modified_gmt":"2023-02-22T00:06:27","slug":"el-infalible-juicio-de-la-historia-juzgara-entre-liberales-y-conservadores-gobernador-cuitlahuac-garcia-cuitlahuacgj-gobiernover","status":"publish","type":"post","link":"https:\/\/elveracruzano.vip\/?p=4764","title":{"rendered":"El infalible juicio de la historia juzgar\u00e1 entre liberales y conservadores: gobernador Cuitl\u00e1huac Garc\u00eda \/ @CuitlahuacGJ @GobiernoVer >>>"},"content":{"rendered":"\n<p class=\"wp-block-paragraph\"><strong>#GobiernoDeVeracruz.-<\/strong> En el 161 Aniversario de los Tratados de la Soledad, el gobernador Cuitl\u00e1huac Garc\u00eda Jim\u00e9nez encabez\u00f3 la ceremonia c\u00edvico-militar desde la Plazuela de la Antigua Estaci\u00f3n del Ferrocarril e hizo entrega de un reconocimiento por el D\u00eda del Ej\u00e9rcito Mexicano, al comandante de la 26\/a Zona Militar, Jos\u00e9 Francisco Camarena Hern\u00e1ndez.<\/p>\n\n\n\n<p class=\"wp-block-paragraph\">Expuso que la firma de dicho acuerdo no debe olvidarse porque nuevamente hay un grupo que se resiste a la transformaci\u00f3n, intentando mantener los privilegios neoliberales. \u201cSi olvidamos, \u00bfc\u00f3mo vamos a entender qu\u00e9 hacer entre los que buscan la Cuarta Transformaci\u00f3n y los que defienden el r\u00e9gimen neoliberal? Ma\u00f1ana se sabr\u00e1 en la historia el papel que nos toc\u00f3 jugar. Que nos juzgue el infalible juicio de la historia\u201d.<\/p>\n\n\n\n<p class=\"wp-block-paragraph\">Record\u00f3 el papel fundamental de los mexicanos liberales, quienes defend\u00edan al pueblo de los conservadores ante la entrada de intereses extranjeros. \u201cDe no haber firmado estos Tratados, f\u00e1cilmente hubieran derrotado a Ju\u00e1rez e impuesto por muchas d\u00e9cadas; saqueado los recursos naturales, hoy M\u00e9xico no existir\u00eda. Ese grupo de liberales lo que realmente defend\u00edan era la patria que hoy gozamos\u201d.<\/p>\n\n\n\n<p class=\"wp-block-paragraph\">El secretario de Gobierno, Eric Cisneros Burgos rememor\u00f3 el hecho hist\u00f3rico suscitado un d\u00eda como hoy, pero en 1862, en el que el secretario de Relaciones Exteriores, Manuel Doblado Partida, firm\u00f3 el acuerdo con representantes de la Alianza Tripartita, logrando la retirada de Inglaterra y Espa\u00f1a; los pa\u00edses se comprometieron a respetar la integridad, independencia y soberan\u00eda nacional, sin embargo, Francia hizo caso omiso y dio inicio la Segunda Intervenci\u00f3n Francesa en M\u00e9xico.<\/p>\n\n\n\n<p class=\"wp-block-paragraph\"><strong>#ElVeracruzanoVIP &#8211; <\/strong><a href=\"https:\/\/www.facebook.com\/ElVeracruzanoVIP\/\">El Veracruzano VIP<\/a><\/p>\n","protected":false},"excerpt":{"rendered":"<p>#GobiernoDeVeracruz.- En el 161 Aniversario de los Tratados de la Soledad, el gobernador Cuitl\u00e1huac Garc\u00eda Jim\u00e9nez encabez\u00f3 la ceremonia c\u00edvico-militar<\/p>\n","protected":false},"author":4,"featured_media":4765,"comment_status":"open","ping_status":"open","sticky":false,"template":"","format":"standard","meta":{"colormag_page_container_layout":"default_layout","colormag_page_sidebar_layout":"default_layout","rop_custom_images_group":[],"rop_custom_messages_group":[],"rop_publish_now":"initial","rop_publish_now_accounts":{"facebook_109133384920963_108472061465099":""},"rop_publish_now_history":[],"rop_publish_now_status":"pending","footnotes":""},"categories":[13],"tags":[17,26,20,18,19,100,97,91,84,98,99,21,23,22],"class_list":["post-4764","post","type-post","status-publish","format-standard","has-post-thumbnail","hentry","category-principales","tag-cuitlahuac-garcia-jimenez","tag-el-veracruzano-vip","tag-enterate","tag-gobierno-del-estado-de-veracruz","tag-redes-sociales","tag-secretaria-de-economia","tag-secretaria-de-educacion-publica","tag-secretaria-de-educacion-veracruz","tag-secretaria-de-proteccion-civil-del-estado-de-veracruz","tag-secretaria-del-medio-ambiente","tag-secretaria-del-trabajo-y-prevision-social","tag-ultima-hora","tag-ultimas-noticias","tag-ultimo-minuto"],"_links":{"self":[{"href":"https:\/\/elveracruzano.vip\/index.php?rest_route=\/wp\/v2\/posts\/4764","targetHints":{"allow":["GET"]}}],"collection":[{"href":"https:\/\/elveracruzano.vip\/index.php?rest_route=\/wp\/v2\/posts"}],"about":[{"href":"https:\/\/elveracruzano.vip\/index.php?rest_route=\/wp\/v2\/types\/post"}],"author":[{"embeddable":true,"href":"https:\/\/elveracruzano.vip\/index.php?rest_route=\/wp\/v2\/users\/4"}],"replies":[{"embeddable":true,"href":"https:\/\/elveracruzano.vip\/index.php?rest_route=%2Fwp%2Fv2%2Fcomments&post=4764"}],"version-history":[{"count":2,"href":"https:\/\/elveracruzano.vip\/index.php?rest_route=\/wp\/v2\/posts\/4764\/revisions"}],"predecessor-version":[{"id":4767,"href":"https:\/\/elveracruzano.vip\/index.php?rest_route=\/wp\/v2\/posts\/4764\/revisions\/4767"}],"wp:featuredmedia":[{"embeddable":true,"href":"https:\/\/elveracruzano.vip\/index.php?rest_route=\/wp\/v2\/media\/4765"}],"wp:attachment":[{"href":"https:\/\/elveracruzano.vip\/index.php?rest_route=%2Fwp%2Fv2%2Fmedia&parent=4764"}],"wp:term":[{"taxonomy":"category","embeddable":true,"href":"https:\/\/elveracruzano.vip\/index.php?rest_route=%2Fwp%2Fv2%2Fcategories&post=4764"},{"taxonomy":"post_tag","embeddable":true,"href":"https:\/\/elveracruzano.vip\/index.php?rest_route=%2Fwp%2Fv2%2Ftags&post=4764"}],"curies":[{"name":"wp","href":"https:\/\/api.w.org\/{rel}","templated":true}]}}