{"id":4752,"date":"2023-02-14T12:28:16","date_gmt":"2023-02-14T18:28:16","guid":{"rendered":"http:\/\/elveracruzano.vip\/?p=4752"},"modified":"2023-02-14T12:28:17","modified_gmt":"2023-02-14T18:28:17","slug":"gobierno-municipal-de-minatitlan-repara-alcantarilla-averiada-en-institutos-tecnologicos-dramedelpalma-gobminatitlan","status":"publish","type":"post","link":"https:\/\/elveracruzano.vip\/?p=4752","title":{"rendered":"Gobierno municipal de Minatitl\u00e1n repara alcantarilla averiada en Institutos Tecnol\u00f3gicos \/ @DraMedelPalma @gobminatitlan >>>"},"content":{"rendered":"\n<p class=\"wp-block-paragraph\"><strong>#Minatitl\u00e1n, #Ver.- <\/strong>Este fin de semana, por instrucciones de la Presidenta Municipal, Dra. Carmen Medel Palma; el departamento de Mantenimiento a cargo de la Direcci\u00f3n de Servicios Generales; instalaron una parrilla de acero sobre la calle Dos y boulevard Institutos Tecnol\u00f3gicos en la entrada al Parque el Mangal.<\/p>\n\n\n\n<p class=\"wp-block-paragraph\">\u00abLos trabajos que estamos llevando a cabo consisten en el retiro, fabricaci\u00f3n e instalaci\u00f3n de una parrilla nueva, ya que esta zona estaba totalmente descubierta, por lo que se decidi\u00f3 remplazar toda la placa\u00bb, explic\u00f3 el Ing. Jos\u00e9 Mauricio Hern\u00e1ndez Chontal, titular de mantenimiento.<\/p>\n\n\n\n<p class=\"wp-block-paragraph\">A\u00f1adi\u00f3, que dicha alcantarilla presentaba da\u00f1os por el constante tr\u00e1nsito de veh\u00edculos pesados y al desgaste natural por el tiempo en uso.<\/p>\n\n\n\n<p class=\"wp-block-paragraph\">De esta forma, el Gobierno Municipal contin\u00faa trabajando en la seguridad de los habitantes, y de forma paulatina se atienden todos los reportes ciudadanos.<\/p>\n\n\n\n<p class=\"wp-block-paragraph\"><strong>#ElVeracruzanoVIP &#8211; <\/strong><a href=\"https:\/\/www.facebook.com\/ElVeracruzanoVIP\/\">El Veracruzano VIP<\/a><\/p>\n","protected":false},"excerpt":{"rendered":"<p>#Minatitl\u00e1n, #Ver.- Este fin de semana, por instrucciones de la Presidenta Municipal, Dra. Carmen Medel Palma; el departamento de Mantenimiento<\/p>\n","protected":false},"author":4,"featured_media":4753,"comment_status":"open","ping_status":"open","sticky":false,"template":"","format":"standard","meta":{"colormag_page_container_layout":"default_layout","colormag_page_sidebar_layout":"default_layout","rop_custom_images_group":[],"rop_custom_messages_group":[],"rop_publish_now":"initial","rop_publish_now_accounts":{"facebook_109133384920963_108472061465099":""},"rop_publish_now_history":[],"rop_publish_now_status":"pending","footnotes":""},"categories":[8],"tags":[80,17,26,20,18,39,19,100,97,91,84,98,99,21,23,22],"class_list":["post-4752","post","type-post","status-publish","format-standard","has-post-thumbnail","hentry","category-alcaldesas","tag-carmen-medel-palma","tag-cuitlahuac-garcia-jimenez","tag-el-veracruzano-vip","tag-enterate","tag-gobierno-del-estado-de-veracruz","tag-minatitlan","tag-redes-sociales","tag-secretaria-de-economia","tag-secretaria-de-educacion-publica","tag-secretaria-de-educacion-veracruz","tag-secretaria-de-proteccion-civil-del-estado-de-veracruz","tag-secretaria-del-medio-ambiente","tag-secretaria-del-trabajo-y-prevision-social","tag-ultima-hora","tag-ultimas-noticias","tag-ultimo-minuto"],"_links":{"self":[{"href":"https:\/\/elveracruzano.vip\/index.php?rest_route=\/wp\/v2\/posts\/4752","targetHints":{"allow":["GET"]}}],"collection":[{"href":"https:\/\/elveracruzano.vip\/index.php?rest_route=\/wp\/v2\/posts"}],"about":[{"href":"https:\/\/elveracruzano.vip\/index.php?rest_route=\/wp\/v2\/types\/post"}],"author":[{"embeddable":true,"href":"https:\/\/elveracruzano.vip\/index.php?rest_route=\/wp\/v2\/users\/4"}],"replies":[{"embeddable":true,"href":"https:\/\/elveracruzano.vip\/index.php?rest_route=%2Fwp%2Fv2%2Fcomments&post=4752"}],"version-history":[{"count":1,"href":"https:\/\/elveracruzano.vip\/index.php?rest_route=\/wp\/v2\/posts\/4752\/revisions"}],"predecessor-version":[{"id":4754,"href":"https:\/\/elveracruzano.vip\/index.php?rest_route=\/wp\/v2\/posts\/4752\/revisions\/4754"}],"wp:featuredmedia":[{"embeddable":true,"href":"https:\/\/elveracruzano.vip\/index.php?rest_route=\/wp\/v2\/media\/4753"}],"wp:attachment":[{"href":"https:\/\/elveracruzano.vip\/index.php?rest_route=%2Fwp%2Fv2%2Fmedia&parent=4752"}],"wp:term":[{"taxonomy":"category","embeddable":true,"href":"https:\/\/elveracruzano.vip\/index.php?rest_route=%2Fwp%2Fv2%2Fcategories&post=4752"},{"taxonomy":"post_tag","embeddable":true,"href":"https:\/\/elveracruzano.vip\/index.php?rest_route=%2Fwp%2Fv2%2Ftags&post=4752"}],"curies":[{"name":"wp","href":"https:\/\/api.w.org\/{rel}","templated":true}]}}