{"id":4747,"date":"2023-02-14T12:23:50","date_gmt":"2023-02-14T18:23:50","guid":{"rendered":"http:\/\/elveracruzano.vip\/?p=4747"},"modified":"2023-02-14T12:23:51","modified_gmt":"2023-02-14T18:23:51","slug":"autoridades-civiles-y-militares-rindieron-homenaje-a-vicente-guerrero-en-coatzacoalcos-cruzmalpica-coatzagob","status":"publish","type":"post","link":"https:\/\/elveracruzano.vip\/?p=4747","title":{"rendered":"Autoridades civiles y militares rindieron homenaje a Vicente Guerrero en Coatzacoalcos \/ @CruzMalpica @coatzagob >>>"},"content":{"rendered":"\n<p><strong>#Coatzacoalcos, #Ver.- <\/strong>Autoridades municipales, militares, navales y educativas rindieron un homenaje y colocaron una ofrenda floral por el 192 aniversario luctuoso del ex presidente de M\u00e9xico, Vicente Guerrero, en el busto instalado en la Plaza de la Patria.<\/p>\n\n\n\n<p>En entrevista, el presidente municipal, Amado Cruz Malpica, destac\u00f3 que Vicente Ram\u00f3n Guerrero Salda\u00f1a, conocido como \u201cBenem\u00e9rito de la Patria\u201d, constituye uno de las personalidades determinantes del movimiento independentista de nuestro pa\u00eds, por lo que es un deber de todos los mexicanos honrar su memoria.<\/p>\n\n\n\n<p>La regidora Segunda, Mar\u00eda Sandra Collins Coronel, rese\u00f1\u00f3 vida y obra del primer presidente afromexicano quien fue fusilado un 14 de febrero de 1831 en la ciudad de Cuil\u00e1pam, Oaxaca, y el cual, durante su mandato, impuls\u00f3 la educaci\u00f3n gratuita, promovi\u00f3 la reforma agraria y expidi\u00f3 el decreto sobre la abolici\u00f3n de la esclavitud, por lo que el estado de Guerrero ostenta su nombre.<\/p>\n\n\n\n<p>Durante el evento c\u00edvico se cont\u00f3 con la participaci\u00f3n de la Banda de Guerra y escolta de alumnos de la Escuela Secundaria T\u00e9cnica 19.<\/p>\n\n\n\n<p>Estuvieron presentes la s\u00edndica, Ana Bertha Hern\u00e1ndez Aguilar; los regidores: Isidro Enrique Villegas Garc\u00eda, Yajaira Tadeo Rodr\u00edguez, Maira Guti\u00e9rrez Cruz, Silvia Patricia Hong Hern\u00e1ndez, Gersa\u00edn Hidalgo Cruz, Mario de Jes\u00fas Callejas Garc\u00eda, V\u00edctor Octavio Paz Castilla, Luis Guti\u00e9rrez Gonz\u00e1lez y el secretario del Ayuntamiento, Samuel Ordaz Ortega.<\/p>\n\n\n\n<p><strong>#ElVeracruzanoVIP &#8211; <\/strong><a href=\"https:\/\/www.facebook.com\/ElVeracruzanoVIP\/\">El Veracruzano VIP<\/a><\/p>\n","protected":false},"excerpt":{"rendered":"<p>#Coatzacoalcos, #Ver.- Autoridades municipales, militares, navales y educativas rindieron un homenaje y colocaron una ofrenda floral por el 192 aniversario<\/p>\n","protected":false},"author":4,"featured_media":4748,"comment_status":"open","ping_status":"open","sticky":false,"template":"","format":"standard","meta":{"colormag_page_container_layout":"default_layout","colormag_page_sidebar_layout":"default_layout","rop_custom_images_group":[],"rop_custom_messages_group":[],"rop_publish_now":"initial","rop_publish_now_accounts":{"facebook_109133384920963_108472061465099":""},"rop_publish_now_history":[],"rop_publish_now_status":"pending","footnotes":""},"categories":[10],"tags":[78,37,17,26,20,18,19,100,97,91,84,98,99,21,23,22],"class_list":["post-4747","post","type-post","status-publish","format-standard","has-post-thumbnail","hentry","category-municipios","tag-amado-cruz-malpica","tag-coatzacoalcos","tag-cuitlahuac-garcia-jimenez","tag-el-veracruzano-vip","tag-enterate","tag-gobierno-del-estado-de-veracruz","tag-redes-sociales","tag-secretaria-de-economia","tag-secretaria-de-educacion-publica","tag-secretaria-de-educacion-veracruz","tag-secretaria-de-proteccion-civil-del-estado-de-veracruz","tag-secretaria-del-medio-ambiente","tag-secretaria-del-trabajo-y-prevision-social","tag-ultima-hora","tag-ultimas-noticias","tag-ultimo-minuto"],"_links":{"self":[{"href":"https:\/\/elveracruzano.vip\/index.php?rest_route=\/wp\/v2\/posts\/4747","targetHints":{"allow":["GET"]}}],"collection":[{"href":"https:\/\/elveracruzano.vip\/index.php?rest_route=\/wp\/v2\/posts"}],"about":[{"href":"https:\/\/elveracruzano.vip\/index.php?rest_route=\/wp\/v2\/types\/post"}],"author":[{"embeddable":true,"href":"https:\/\/elveracruzano.vip\/index.php?rest_route=\/wp\/v2\/users\/4"}],"replies":[{"embeddable":true,"href":"https:\/\/elveracruzano.vip\/index.php?rest_route=%2Fwp%2Fv2%2Fcomments&post=4747"}],"version-history":[{"count":3,"href":"https:\/\/elveracruzano.vip\/index.php?rest_route=\/wp\/v2\/posts\/4747\/revisions"}],"predecessor-version":[{"id":4751,"href":"https:\/\/elveracruzano.vip\/index.php?rest_route=\/wp\/v2\/posts\/4747\/revisions\/4751"}],"wp:featuredmedia":[{"embeddable":true,"href":"https:\/\/elveracruzano.vip\/index.php?rest_route=\/wp\/v2\/media\/4748"}],"wp:attachment":[{"href":"https:\/\/elveracruzano.vip\/index.php?rest_route=%2Fwp%2Fv2%2Fmedia&parent=4747"}],"wp:term":[{"taxonomy":"category","embeddable":true,"href":"https:\/\/elveracruzano.vip\/index.php?rest_route=%2Fwp%2Fv2%2Fcategories&post=4747"},{"taxonomy":"post_tag","embeddable":true,"href":"https:\/\/elveracruzano.vip\/index.php?rest_route=%2Fwp%2Fv2%2Ftags&post=4747"}],"curies":[{"name":"wp","href":"https:\/\/api.w.org\/{rel}","templated":true}]}}