{"id":4744,"date":"2023-02-14T12:18:25","date_gmt":"2023-02-14T18:18:25","guid":{"rendered":"http:\/\/elveracruzano.vip\/?p=4744"},"modified":"2023-02-14T12:18:26","modified_gmt":"2023-02-14T18:18:26","slug":"cuenta-tijuana-con-primera-sala-de-desarrollo-senso-emocional-en-baja-california-montserrat4t-gobtijuanamx","status":"publish","type":"post","link":"https:\/\/elveracruzano.vip\/?p=4744","title":{"rendered":"Cuenta Tijuana con primera Sala de Desarrollo Senso-Emocional en Baja California \/ @Montserrat4T @gobtijuanamx >>>"},"content":{"rendered":"\n<p><strong>#Tijuana, #B.C.-&nbsp;<\/strong>El XXlV Ayuntamiento que encabeza la alcaldesa Montserrat Caballero Ram\u00edrez, inaugur\u00f3 la primera Sala de Desarrollo Senso-Emocional en Baja California, en el Centro de Asistencia y Desarrollo Infantil (CADI) La Presa, del Sistema para el Desarrollo Integral de la Familia (SDIF).<\/p>\n\n\n\n<p>El encargado de Despacho del SDIF, Jeh\u00fa S\u00e1nchez Reyes, inform\u00f3 que \u00e9sta forma parte de una de las 10 salas en el pa\u00eds para los CADI, promovido por el Sistema Nacional SDIF en colaboraci\u00f3n con la Agencia de Cooperaci\u00f3n y Coordinaci\u00f3n Turka TIKA, para que la ni\u00f1ez desarrolle habilidades mediante actividades l\u00fadicas y desplieguen su potencial a trav\u00e9s del juego.<\/p>\n\n\n\n<p>S\u00e1nchez Reyes dijo que para el XXIV Ayuntamiento que preside Montserrat Caballero, la ni\u00f1ez es prioridad, por lo que espacios como el reci\u00e9n inaugurado se reciben con mucha alegr\u00eda, dado que promueven un ambiente enriquecedor basado en el juego.<\/p>\n\n\n\n<p>Agradeci\u00f3 al SNDIF, la donaci\u00f3n de materiales y equipo tecnol\u00f3gico para el desarrollo de las actividades, as\u00ed como la capacitaci\u00f3n impartida al personal del CADI La Presa, cuya finalidad fue contar con las herramientas necesarias para adaptar el espacio con una sala senso-emocional en beneficio de 136 ni\u00f1os entre la estancia y el preescolar.<\/p>\n\n\n\n<p>La directora de Estancias Infantiles del SNDIF, Esperanza Zamora M\u00e1rquez expres\u00f3 que la atenci\u00f3n y el cuidado de la primera infancia implican satisfacer las necesidades sociales, emocionales, cognitivas y f\u00edsicas de los ni\u00f1os, con el prop\u00f3sito de generar condiciones favorables para su bienestar.<\/p>\n\n\n\n<p><strong>#ElVeracruzanoVIP &#8211; <\/strong><a href=\"https:\/\/www.facebook.com\/ElVeracruzanoVIP\/\">El Veracruzano VIP<\/a><\/p>\n","protected":false},"excerpt":{"rendered":"<p>#Tijuana, #B.C.-&nbsp;El XXlV Ayuntamiento que encabeza la alcaldesa Montserrat Caballero Ram\u00edrez, inaugur\u00f3 la primera Sala de Desarrollo Senso-Emocional en Baja<\/p>\n","protected":false},"author":4,"featured_media":4745,"comment_status":"open","ping_status":"open","sticky":false,"template":"","format":"standard","meta":{"colormag_page_container_layout":"default_layout","colormag_page_sidebar_layout":"default_layout","rop_custom_images_group":[],"rop_custom_messages_group":[],"rop_publish_now":"initial","rop_publish_now_accounts":{"facebook_109133384920963_108472061465099":""},"rop_publish_now_history":[],"rop_publish_now_status":"pending","footnotes":""},"categories":[12],"tags":[68,17,26,20,18,95,19,100,97,91,84,98,99,21,23],"class_list":["post-4744","post","type-post","status-publish","format-standard","has-post-thumbnail","hentry","category-municipios-en-mexico","tag-ayuntamiento-de-tijuana","tag-cuitlahuac-garcia-jimenez","tag-el-veracruzano-vip","tag-enterate","tag-gobierno-del-estado-de-veracruz","tag-montserrat-caballero-ramirez","tag-redes-sociales","tag-secretaria-de-economia","tag-secretaria-de-educacion-publica","tag-secretaria-de-educacion-veracruz","tag-secretaria-de-proteccion-civil-del-estado-de-veracruz","tag-secretaria-del-medio-ambiente","tag-secretaria-del-trabajo-y-prevision-social","tag-ultima-hora","tag-ultimas-noticias"],"_links":{"self":[{"href":"https:\/\/elveracruzano.vip\/index.php?rest_route=\/wp\/v2\/posts\/4744","targetHints":{"allow":["GET"]}}],"collection":[{"href":"https:\/\/elveracruzano.vip\/index.php?rest_route=\/wp\/v2\/posts"}],"about":[{"href":"https:\/\/elveracruzano.vip\/index.php?rest_route=\/wp\/v2\/types\/post"}],"author":[{"embeddable":true,"href":"https:\/\/elveracruzano.vip\/index.php?rest_route=\/wp\/v2\/users\/4"}],"replies":[{"embeddable":true,"href":"https:\/\/elveracruzano.vip\/index.php?rest_route=%2Fwp%2Fv2%2Fcomments&post=4744"}],"version-history":[{"count":1,"href":"https:\/\/elveracruzano.vip\/index.php?rest_route=\/wp\/v2\/posts\/4744\/revisions"}],"predecessor-version":[{"id":4746,"href":"https:\/\/elveracruzano.vip\/index.php?rest_route=\/wp\/v2\/posts\/4744\/revisions\/4746"}],"wp:featuredmedia":[{"embeddable":true,"href":"https:\/\/elveracruzano.vip\/index.php?rest_route=\/wp\/v2\/media\/4745"}],"wp:attachment":[{"href":"https:\/\/elveracruzano.vip\/index.php?rest_route=%2Fwp%2Fv2%2Fmedia&parent=4744"}],"wp:term":[{"taxonomy":"category","embeddable":true,"href":"https:\/\/elveracruzano.vip\/index.php?rest_route=%2Fwp%2Fv2%2Fcategories&post=4744"},{"taxonomy":"post_tag","embeddable":true,"href":"https:\/\/elveracruzano.vip\/index.php?rest_route=%2Fwp%2Fv2%2Ftags&post=4744"}],"curies":[{"name":"wp","href":"https:\/\/api.w.org\/{rel}","templated":true}]}}