{"id":4741,"date":"2023-02-14T12:15:15","date_gmt":"2023-02-14T18:15:15","guid":{"rendered":"http:\/\/elveracruzano.vip\/?p=4741"},"modified":"2023-02-14T12:15:16","modified_gmt":"2023-02-14T18:15:16","slug":"veracruz-comprometido-a-elevar-la-produccion-para-la-autosuficiencia-alimentaria-cuitlahuacgj-gobiernover","status":"publish","type":"post","link":"https:\/\/elveracruzano.vip\/?p=4741","title":{"rendered":"Veracruz, comprometido a elevar la producci\u00f3n para la autosuficiencia alimentaria \/ @CuitlahuacGJ @GobiernoVer >>>"},"content":{"rendered":"\n<p><strong>#GobiernoDeVeracruz.- <\/strong>Tenemos que levantar la producci\u00f3n, tenemos que sembrar y elevar al campesino de Veracruz al nivel que le corresponde, destac\u00f3 el gobernador Cuitl\u00e1huac Garc\u00eda Jim\u00e9nez durante la entrega de tarjetas a los 840 beneficiarios de\u00a0Producci\u00f3n para el Bienestar\u00a0en este municipio.<\/p>\n\n\n\n<p>Acompa\u00f1ado por el coordinador nacional de Programas para el Desarrollo, Carlos Torres Rosas, se\u00f1al\u00f3 que el presidente Andr\u00e9s Manuel L\u00f3pez Obrador les encarg\u00f3 estar cerca de la gente, pues la transformaci\u00f3n debe seguir y el apoyo al campo ser permanente; por eso este a\u00f1o llegar\u00e1 a todos los que cultivan ma\u00edz el esquema de\u00a0Fertilizantes para el Bienestar, cuyos insumos son gratuitos.<\/p>\n\n\n\n<p>\u201cHagamos cuentas: si juntamos a los que siembran caf\u00e9, ca\u00f1a de az\u00facar y granos b\u00e1sicos, adem\u00e1s de los que producen miel, son 165 mil personas que, multiplicadas, superan los mil millones de pesos en derrama econ\u00f3mica \u2013mil 106 en cifras exactas\u2013. \u00bfDe d\u00f3nde sale este dinero, si tambi\u00e9n antes se ten\u00eda?, pues se lo robaban\u201d, afirm\u00f3.<\/p>\n\n\n\n<p>A su vez, el servidor p\u00fablico federal explic\u00f3 que, despu\u00e9s de una revisi\u00f3n al padr\u00f3n y una visita predio por predio para asegurar que el recurso llegara a las manos correctas, el Presidente tom\u00f3 la decisi\u00f3n de aumentar de 2 mil a 6 mil pesos el incentivo m\u00ednimo por hect\u00e1reas cultivadas, adem\u00e1s de emitir las respectivas tarjetas bancarias.<\/p>\n\n\n\n<p>\u201cEs un programa prioritario que ahora cobra mayor relevancia por la inflaci\u00f3n\u201d, se\u00f1al\u00f3, recordando la misi\u00f3n principal de lograr la autosuficiencia alimentaria, apoyada desde el a\u00f1o pasado con el aumento al triple del presupuesto en fertilizantes, que pas\u00f3 de 5 mil a m\u00e1s de 15 mil millones de pesos.<\/p>\n\n\n\n<p><strong>#ElVeracruzanoVIP &#8211; <\/strong><a href=\"https:\/\/www.facebook.com\/ElVeracruzanoVIP\/\">El Veracruzano VIP<\/a><\/p>\n","protected":false},"excerpt":{"rendered":"<p>#GobiernoDeVeracruz.- Tenemos que levantar la producci\u00f3n, tenemos que sembrar y elevar al campesino de Veracruz al nivel que le corresponde,<\/p>\n","protected":false},"author":4,"featured_media":4742,"comment_status":"open","ping_status":"open","sticky":false,"template":"","format":"standard","meta":{"colormag_page_container_layout":"default_layout","colormag_page_sidebar_layout":"default_layout","rop_custom_images_group":[],"rop_custom_messages_group":[],"rop_publish_now":"initial","rop_publish_now_accounts":{"facebook_109133384920963_108472061465099":""},"rop_publish_now_history":[],"rop_publish_now_status":"pending","footnotes":""},"categories":[16],"tags":[17,26,20,18,19,100,97,91,84,98,99,21,23,22],"class_list":["post-4741","post","type-post","status-publish","format-standard","has-post-thumbnail","hentry","category-ultima-hora","tag-cuitlahuac-garcia-jimenez","tag-el-veracruzano-vip","tag-enterate","tag-gobierno-del-estado-de-veracruz","tag-redes-sociales","tag-secretaria-de-economia","tag-secretaria-de-educacion-publica","tag-secretaria-de-educacion-veracruz","tag-secretaria-de-proteccion-civil-del-estado-de-veracruz","tag-secretaria-del-medio-ambiente","tag-secretaria-del-trabajo-y-prevision-social","tag-ultima-hora","tag-ultimas-noticias","tag-ultimo-minuto"],"_links":{"self":[{"href":"https:\/\/elveracruzano.vip\/index.php?rest_route=\/wp\/v2\/posts\/4741","targetHints":{"allow":["GET"]}}],"collection":[{"href":"https:\/\/elveracruzano.vip\/index.php?rest_route=\/wp\/v2\/posts"}],"about":[{"href":"https:\/\/elveracruzano.vip\/index.php?rest_route=\/wp\/v2\/types\/post"}],"author":[{"embeddable":true,"href":"https:\/\/elveracruzano.vip\/index.php?rest_route=\/wp\/v2\/users\/4"}],"replies":[{"embeddable":true,"href":"https:\/\/elveracruzano.vip\/index.php?rest_route=%2Fwp%2Fv2%2Fcomments&post=4741"}],"version-history":[{"count":1,"href":"https:\/\/elveracruzano.vip\/index.php?rest_route=\/wp\/v2\/posts\/4741\/revisions"}],"predecessor-version":[{"id":4743,"href":"https:\/\/elveracruzano.vip\/index.php?rest_route=\/wp\/v2\/posts\/4741\/revisions\/4743"}],"wp:featuredmedia":[{"embeddable":true,"href":"https:\/\/elveracruzano.vip\/index.php?rest_route=\/wp\/v2\/media\/4742"}],"wp:attachment":[{"href":"https:\/\/elveracruzano.vip\/index.php?rest_route=%2Fwp%2Fv2%2Fmedia&parent=4741"}],"wp:term":[{"taxonomy":"category","embeddable":true,"href":"https:\/\/elveracruzano.vip\/index.php?rest_route=%2Fwp%2Fv2%2Fcategories&post=4741"},{"taxonomy":"post_tag","embeddable":true,"href":"https:\/\/elveracruzano.vip\/index.php?rest_route=%2Fwp%2Fv2%2Ftags&post=4741"}],"curies":[{"name":"wp","href":"https:\/\/api.w.org\/{rel}","templated":true}]}}