{"id":4720,"date":"2023-02-09T17:51:43","date_gmt":"2023-02-09T23:51:43","guid":{"rendered":"http:\/\/elveracruzano.vip\/?p=4720"},"modified":"2023-02-09T17:51:45","modified_gmt":"2023-02-09T23:51:45","slug":"alcaldesa-de-veracruz-paty-lobeira-presenta-el-programa-gala-de-opera-patyyunes-ayuntamientover","status":"publish","type":"post","link":"https:\/\/elveracruzano.vip\/?p=4720","title":{"rendered":"Alcaldesa de Veracruz, Paty Lobeira, presenta el programa \u201cGala de \u00d3pera\u201d \/ @PatyYunes @AyuntamientoVer >>>"},"content":{"rendered":"\n<p class=\"wp-block-paragraph\"><strong>#Veracruz, #Ver.-<\/strong> La alcaldesa Paty Lobeira de Yunes realiz\u00f3 en la Sala de Cabildo la presentaci\u00f3n del Programa \u201cGala de \u00d3pera\u201d de la Orquesta Filarm\u00f3nica Boca del R\u00edo \u2013 Veracruz, que se llevar\u00e1 a cabo el pr\u00f3ximo viernes 17 de febrero, a las 8 de la noche, en el Foro Boca, y en la cual estar\u00e1 como director invitado, Rey Alejandro Conde, la soprano Ivonne Reyes y el tenor Diego Manrique.<\/p>\n\n\n\n<p class=\"wp-block-paragraph\">Acompa\u00f1ada por Ruth Priscila Meneses, violinista de la Orquesta Filarm\u00f3nica, la Alcaldesa hizo la invitaci\u00f3n para que asistan a disfrutar de este bonito concierto. \u201cInvitamos a la gente para que asistan, los boletos tiene un costo de 120 a 365 pesos para que todos puedan disfrutar de estos conciertos\u201d, dijo.<\/p>\n\n\n\n<p class=\"wp-block-paragraph\">Afirm\u00f3 que en su administraci\u00f3n una de las prioridades es ofrecer una cartelera art\u00edstica y cultural atractiva para que m\u00e1s turistas visiten la ciudad y de esta manera continuar impulsando la reactivaci\u00f3n econ\u00f3mica y social de la zona conurbada. \u201cAdem\u00e1s de que nos ayuda a fortalecer la cultura musical en la sociedad, contribuyendo as\u00ed al desarrollo de los veracruzanos\u201d, dijo.<\/p>\n\n\n\n<p class=\"wp-block-paragraph\">Por su parte, la violinista Ruth Priscila, manifest\u00f3 que es la primera vez que se tendr\u00e1 una gala de \u00f3pera tan importante, y las arias -piezas musicales- que se van a presentar son las m\u00e1s famosas y m\u00e1s representativas de la \u00f3pera italiana y la \u00f3pera francesa.<\/p>\n\n\n\n<p class=\"wp-block-paragraph\"><strong>#ElVeracruzanoVIP &#8211; <\/strong><a href=\"https:\/\/www.facebook.com\/ElVeracruzanoVIP\/\">El Veracruzano VIP<\/a><\/p>\n","protected":false},"excerpt":{"rendered":"<p>#Veracruz, #Ver.- La alcaldesa Paty Lobeira de Yunes realiz\u00f3 en la Sala de Cabildo la presentaci\u00f3n del Programa \u201cGala de<\/p>\n","protected":false},"author":4,"featured_media":4721,"comment_status":"open","ping_status":"open","sticky":false,"template":"","format":"standard","meta":{"colormag_page_container_layout":"default_layout","colormag_page_sidebar_layout":"default_layout","rop_custom_images_group":[],"rop_custom_messages_group":[],"rop_publish_now":"initial","rop_publish_now_accounts":{"facebook_109133384920963_108472061465099":""},"rop_publish_now_history":[],"rop_publish_now_status":"pending","footnotes":""},"categories":[8],"tags":[17,26,20,18,58,19,100,97,91,84,98,99,21,23,22,90],"class_list":["post-4720","post","type-post","status-publish","format-standard","has-post-thumbnail","hentry","category-alcaldesas","tag-cuitlahuac-garcia-jimenez","tag-el-veracruzano-vip","tag-enterate","tag-gobierno-del-estado-de-veracruz","tag-paty-lobeira-de-yunes","tag-redes-sociales","tag-secretaria-de-economia","tag-secretaria-de-educacion-publica","tag-secretaria-de-educacion-veracruz","tag-secretaria-de-proteccion-civil-del-estado-de-veracruz","tag-secretaria-del-medio-ambiente","tag-secretaria-del-trabajo-y-prevision-social","tag-ultima-hora","tag-ultimas-noticias","tag-ultimo-minuto","tag-veracruz-ciudad-y-puerto"],"_links":{"self":[{"href":"https:\/\/elveracruzano.vip\/index.php?rest_route=\/wp\/v2\/posts\/4720","targetHints":{"allow":["GET"]}}],"collection":[{"href":"https:\/\/elveracruzano.vip\/index.php?rest_route=\/wp\/v2\/posts"}],"about":[{"href":"https:\/\/elveracruzano.vip\/index.php?rest_route=\/wp\/v2\/types\/post"}],"author":[{"embeddable":true,"href":"https:\/\/elveracruzano.vip\/index.php?rest_route=\/wp\/v2\/users\/4"}],"replies":[{"embeddable":true,"href":"https:\/\/elveracruzano.vip\/index.php?rest_route=%2Fwp%2Fv2%2Fcomments&post=4720"}],"version-history":[{"count":1,"href":"https:\/\/elveracruzano.vip\/index.php?rest_route=\/wp\/v2\/posts\/4720\/revisions"}],"predecessor-version":[{"id":4722,"href":"https:\/\/elveracruzano.vip\/index.php?rest_route=\/wp\/v2\/posts\/4720\/revisions\/4722"}],"wp:featuredmedia":[{"embeddable":true,"href":"https:\/\/elveracruzano.vip\/index.php?rest_route=\/wp\/v2\/media\/4721"}],"wp:attachment":[{"href":"https:\/\/elveracruzano.vip\/index.php?rest_route=%2Fwp%2Fv2%2Fmedia&parent=4720"}],"wp:term":[{"taxonomy":"category","embeddable":true,"href":"https:\/\/elveracruzano.vip\/index.php?rest_route=%2Fwp%2Fv2%2Fcategories&post=4720"},{"taxonomy":"post_tag","embeddable":true,"href":"https:\/\/elveracruzano.vip\/index.php?rest_route=%2Fwp%2Fv2%2Ftags&post=4720"}],"curies":[{"name":"wp","href":"https:\/\/api.w.org\/{rel}","templated":true}]}}