{"id":4704,"date":"2023-02-09T17:32:19","date_gmt":"2023-02-09T23:32:19","guid":{"rendered":"http:\/\/elveracruzano.vip\/?p=4704"},"modified":"2023-02-09T17:32:21","modified_gmt":"2023-02-09T23:32:21","slug":"capacita-secretaria-de-seguridad-publica-a-mas-de-200-elementos-en-conduccion-de-motopatrullas-cuitlahuacgj-gobiernover","status":"publish","type":"post","link":"https:\/\/elveracruzano.vip\/?p=4704","title":{"rendered":"Capacita Secretar\u00eda de Seguridad Publica a m\u00e1s de 200 elementos en conducci\u00f3n de motopatrullas \/ @CuitlahuacGJ @GobiernoVer >>>"},"content":{"rendered":"\n<p><strong>#GobiernoDeVeracruz.-<\/strong> Desde 2018, a\u00f1o en que se puso en marcha por primera vez el curso de Conducci\u00f3n de motopatrullas, a la fecha, la Secretar\u00eda de Seguridad P\u00fablica (SSP) ha capacitado a 201 elementos \u2013 178 hombres y 23 mujeres \u2013 pertenecientes a la Direcci\u00f3n General de la Fuerza Civil y a la Subdirecci\u00f3n de Operaciones.<\/p>\n\n\n\n<p>Este martes, la dependencia, mediante el Centro de Estudios e Investigaci\u00f3n en Seguridad (CEIS), entreg\u00f3 constancias de que acredita a 21 elementos m\u00e1s, 10 hombres y cinco mujeres, adscritos a la Subdirecci\u00f3n de Operaciones de la SSP, adem\u00e1s de seis oficiales pertenecientes a la Polic\u00eda Municipal de Mart\u00ednez de la Torre.<\/p>\n\n\n\n<p>Durante 40 horas, recibieron materias te\u00f3ricas-pr\u00e1cticas sobre educaci\u00f3n vial, riesgos en la conducci\u00f3n, marco jur\u00eddico y operacional, mec\u00e1nica b\u00e1sica, accidentes de tr\u00e1nsito; as\u00ed como equipo de protecci\u00f3n, conducci\u00f3n defensiva, medidas de prevenci\u00f3n y seguridad del veh\u00edculo.<\/p>\n\n\n\n<p>La evaluaci\u00f3n final se realiza en circuitos controlados dentro de la pista de conducci\u00f3n del CEIS y las pr\u00e1cticas de conducci\u00f3n en calles y vialidades de los municipios de Xalapa y Emiliano Zapata.<\/p>\n\n\n\n<p><strong>#ElVeracruzanoVIP &#8211; <\/strong><a href=\"https:\/\/www.facebook.com\/ElVeracruzanoVIP\/\">El Veracruzano VIP<\/a><\/p>\n","protected":false},"excerpt":{"rendered":"<p>#GobiernoDeVeracruz.- Desde 2018, a\u00f1o en que se puso en marcha por primera vez el curso de Conducci\u00f3n de motopatrullas, a<\/p>\n","protected":false},"author":4,"featured_media":4705,"comment_status":"open","ping_status":"open","sticky":false,"template":"","format":"standard","meta":{"colormag_page_container_layout":"default_layout","colormag_page_sidebar_layout":"default_layout","rop_custom_images_group":[],"rop_custom_messages_group":[],"rop_publish_now":"initial","rop_publish_now_accounts":{"facebook_109133384920963_108472061465099":""},"rop_publish_now_history":[],"rop_publish_now_status":"pending","footnotes":""},"categories":[14],"tags":[17,26,20,18,19,100,97,91,84,98,99,21,23,22],"class_list":["post-4704","post","type-post","status-publish","format-standard","has-post-thumbnail","hentry","category-secretarias","tag-cuitlahuac-garcia-jimenez","tag-el-veracruzano-vip","tag-enterate","tag-gobierno-del-estado-de-veracruz","tag-redes-sociales","tag-secretaria-de-economia","tag-secretaria-de-educacion-publica","tag-secretaria-de-educacion-veracruz","tag-secretaria-de-proteccion-civil-del-estado-de-veracruz","tag-secretaria-del-medio-ambiente","tag-secretaria-del-trabajo-y-prevision-social","tag-ultima-hora","tag-ultimas-noticias","tag-ultimo-minuto"],"_links":{"self":[{"href":"https:\/\/elveracruzano.vip\/index.php?rest_route=\/wp\/v2\/posts\/4704","targetHints":{"allow":["GET"]}}],"collection":[{"href":"https:\/\/elveracruzano.vip\/index.php?rest_route=\/wp\/v2\/posts"}],"about":[{"href":"https:\/\/elveracruzano.vip\/index.php?rest_route=\/wp\/v2\/types\/post"}],"author":[{"embeddable":true,"href":"https:\/\/elveracruzano.vip\/index.php?rest_route=\/wp\/v2\/users\/4"}],"replies":[{"embeddable":true,"href":"https:\/\/elveracruzano.vip\/index.php?rest_route=%2Fwp%2Fv2%2Fcomments&post=4704"}],"version-history":[{"count":2,"href":"https:\/\/elveracruzano.vip\/index.php?rest_route=\/wp\/v2\/posts\/4704\/revisions"}],"predecessor-version":[{"id":4707,"href":"https:\/\/elveracruzano.vip\/index.php?rest_route=\/wp\/v2\/posts\/4704\/revisions\/4707"}],"wp:featuredmedia":[{"embeddable":true,"href":"https:\/\/elveracruzano.vip\/index.php?rest_route=\/wp\/v2\/media\/4705"}],"wp:attachment":[{"href":"https:\/\/elveracruzano.vip\/index.php?rest_route=%2Fwp%2Fv2%2Fmedia&parent=4704"}],"wp:term":[{"taxonomy":"category","embeddable":true,"href":"https:\/\/elveracruzano.vip\/index.php?rest_route=%2Fwp%2Fv2%2Fcategories&post=4704"},{"taxonomy":"post_tag","embeddable":true,"href":"https:\/\/elveracruzano.vip\/index.php?rest_route=%2Fwp%2Fv2%2Ftags&post=4704"}],"curies":[{"name":"wp","href":"https:\/\/api.w.org\/{rel}","templated":true}]}}