{"id":4685,"date":"2023-02-07T17:58:37","date_gmt":"2023-02-07T23:58:37","guid":{"rendered":"http:\/\/elveracruzano.vip\/?p=4685"},"modified":"2023-02-07T17:58:39","modified_gmt":"2023-02-07T23:58:39","slug":"ayuntamiento-de-coatepec-llevo-a-cabo-la-sesion-del-club-de-lectura-ricardo-flores-magon-raymundoandradr-gobcoatepec","status":"publish","type":"post","link":"https:\/\/elveracruzano.vip\/?p=4685","title":{"rendered":"Ayuntamiento de Coatepec llevo a cabo la sesi\u00f3n del Club de lectura \u00abRicardo Flores Mag\u00f3n\u00bb \/ @RaymundoAndradR @GobCoatepec >>>"},"content":{"rendered":"\n<p><strong>#Coatepec, #Ver.- <\/strong>El H. Ayuntamiento de Coatepec a trav\u00e9s de la direcci\u00f3n de Desarrollo Humano y Social, llevaron a cabo la sesi\u00f3n del Club de lectura \u201cRicardo Flores Mag\u00f3n\u201d, nuevamente la sede fue el Caf\u00e9 Cas\u00fa, en esta ocasi\u00f3n se comentaron los siguientes libros del Fondo de Cultura Econ\u00f3mica: \u201cY Matarazo no Llamo\u201d, \u201cCanek\u201d, \u201cBreve Historia de la Guerra con los Estados Unidos\u201d y \u201cTomochic\u201d.<\/p>\n\n\n\n<p>Hubo quienes leyeron libros de otras editoriales, as\u00ed Rom\u00e1n comparti\u00f3 sus impresiones respecto a \u201cMundo <a><\/a>iluminado\u201d de \u00c1ngeles Mastretta\u201d y \u201cSostiene Pereyra\u201d del italiano Antonio Tabucchi, tambi\u00e9n fue comentado y ampliamente recomendado por su lectora.<\/p>\n\n\n\n<p>Dos miembros del club, que por una u otra raz\u00f3n no asistieron a las sesiones sabatinas han le\u00eddo \u201cBal\u00fan Can\u00e1n\u201d y \u201cCanek\u201d respectivamente, y actualmente est\u00e1n leyendo \u201cEl Laberinto de la Soledad\u201d de Octavio Paz y \u201cBal\u00fan Can\u00e1n\u201d. <\/p>\n\n\n\n<p><strong>#ElVeracruzanoVIP &#8211; <\/strong><a href=\"https:\/\/www.facebook.com\/ElVeracruzanoVIP\/\">El Veracruzano VIP<\/a><\/p>\n","protected":false},"excerpt":{"rendered":"<p>#Coatepec, #Ver.- El H. Ayuntamiento de Coatepec a trav\u00e9s de la direcci\u00f3n de Desarrollo Humano y Social, llevaron a cabo<\/p>\n","protected":false},"author":4,"featured_media":4690,"comment_status":"open","ping_status":"open","sticky":false,"template":"","format":"standard","meta":{"colormag_page_container_layout":"default_layout","colormag_page_sidebar_layout":"default_layout","rop_custom_images_group":[],"rop_custom_messages_group":[],"rop_publish_now":"initial","rop_publish_now_accounts":{"facebook_109133384920963_108472061465099":""},"rop_publish_now_history":[],"rop_publish_now_status":"pending","footnotes":""},"categories":[10],"tags":[40,17,26,20,18,73,19,100,97,91,84,98,99,21,23],"class_list":["post-4685","post","type-post","status-publish","format-standard","has-post-thumbnail","hentry","category-municipios","tag-coatepec","tag-cuitlahuac-garcia-jimenez","tag-el-veracruzano-vip","tag-enterate","tag-gobierno-del-estado-de-veracruz","tag-raymundo-andrade-rivera","tag-redes-sociales","tag-secretaria-de-economia","tag-secretaria-de-educacion-publica","tag-secretaria-de-educacion-veracruz","tag-secretaria-de-proteccion-civil-del-estado-de-veracruz","tag-secretaria-del-medio-ambiente","tag-secretaria-del-trabajo-y-prevision-social","tag-ultima-hora","tag-ultimas-noticias"],"_links":{"self":[{"href":"https:\/\/elveracruzano.vip\/index.php?rest_route=\/wp\/v2\/posts\/4685","targetHints":{"allow":["GET"]}}],"collection":[{"href":"https:\/\/elveracruzano.vip\/index.php?rest_route=\/wp\/v2\/posts"}],"about":[{"href":"https:\/\/elveracruzano.vip\/index.php?rest_route=\/wp\/v2\/types\/post"}],"author":[{"embeddable":true,"href":"https:\/\/elveracruzano.vip\/index.php?rest_route=\/wp\/v2\/users\/4"}],"replies":[{"embeddable":true,"href":"https:\/\/elveracruzano.vip\/index.php?rest_route=%2Fwp%2Fv2%2Fcomments&post=4685"}],"version-history":[{"count":1,"href":"https:\/\/elveracruzano.vip\/index.php?rest_route=\/wp\/v2\/posts\/4685\/revisions"}],"predecessor-version":[{"id":4686,"href":"https:\/\/elveracruzano.vip\/index.php?rest_route=\/wp\/v2\/posts\/4685\/revisions\/4686"}],"wp:featuredmedia":[{"embeddable":true,"href":"https:\/\/elveracruzano.vip\/index.php?rest_route=\/wp\/v2\/media\/4690"}],"wp:attachment":[{"href":"https:\/\/elveracruzano.vip\/index.php?rest_route=%2Fwp%2Fv2%2Fmedia&parent=4685"}],"wp:term":[{"taxonomy":"category","embeddable":true,"href":"https:\/\/elveracruzano.vip\/index.php?rest_route=%2Fwp%2Fv2%2Fcategories&post=4685"},{"taxonomy":"post_tag","embeddable":true,"href":"https:\/\/elveracruzano.vip\/index.php?rest_route=%2Fwp%2Fv2%2Ftags&post=4685"}],"curies":[{"name":"wp","href":"https:\/\/api.w.org\/{rel}","templated":true}]}}