{"id":4672,"date":"2023-02-07T17:14:33","date_gmt":"2023-02-07T23:14:33","guid":{"rendered":"http:\/\/elveracruzano.vip\/?p=4672"},"modified":"2023-02-07T17:14:35","modified_gmt":"2023-02-07T23:14:35","slug":"veracruz-destina-100-mdp-a-65-proyectos-de-educacion-tecnologica-cuitlahuacgj-gobiernover","status":"publish","type":"post","link":"https:\/\/elveracruzano.vip\/?p=4672","title":{"rendered":"Veracruz destina 100 mdp a 65 proyectos de Educaci\u00f3n Tecnol\u00f3gica \/ @CuitlahuacGJ @GobiernoVer >>>"},"content":{"rendered":"\n<p><strong>#GobiernoDeVeracruz.- <\/strong>La administraci\u00f3n estatal destinar\u00e1 100 millones de pesos a 65 proyectos desarrollados por estudiantes de Educaci\u00f3n Tecnol\u00f3gica, cuyo objetivo principal es incidir en las actividades agropecuarias de su regi\u00f3n, coadyuvando a la pol\u00edtica de justicia social mediante precios de garant\u00eda a peque\u00f1os productores.<\/p>\n\n\n\n<p>El gobernador Cuitl\u00e1huac Garc\u00eda Jim\u00e9nez, acompa\u00f1ado por el secretario de Finanzas y Planeaci\u00f3n, Jos\u00e9 Luis Lima Franco, manifest\u00f3 que es la primera vez que en Veracruz dedican este tipo de recursos de manera equitativa, previo registro de iniciativas encaminadas a la soluci\u00f3n de un problema comunitario, generando as\u00ed el arraigo de los egresados y evitando la migraci\u00f3n y el desempleo.<\/p>\n\n\n\n<p>\u201cEs el gran empuje que le estamos dando a la Educaci\u00f3n Tecnol\u00f3gica y nos va a diferenciar; nosotros no queremos ensalzar profesionistas que no est\u00e1n vinculados con su regi\u00f3n, ni seguir aumentando el n\u00famero de los que se van, sino buscando el arraigo de nuestros j\u00f3venes ya capacitados\u201d, afirm\u00f3.<\/p>\n\n\n\n<p>Las propuestas tienen el aval acad\u00e9mico de cada instituto y universidad, as\u00ed como el visto bueno de la Secretar\u00eda de Desarrollo Agropecuario, Rural y Pesca. Por ejemplo, al emplear estaciones meteorol\u00f3gicas y laboratorios de an\u00e1lisis de agua y suelo, es m\u00e1s probable lograr la autosustentabilidad de los particulares que reciban un servicio.<\/p>\n\n\n\n<p><strong>#ElVeracruzanoVIP &#8211; <\/strong><a href=\"https:\/\/www.facebook.com\/ElVeracruzanoVIP\/\">El Veracruzano VIP<\/a><\/p>\n","protected":false},"excerpt":{"rendered":"<p>#GobiernoDeVeracruz.- La administraci\u00f3n estatal destinar\u00e1 100 millones de pesos a 65 proyectos desarrollados por estudiantes de Educaci\u00f3n Tecnol\u00f3gica, cuyo objetivo<\/p>\n","protected":false},"author":4,"featured_media":4673,"comment_status":"open","ping_status":"open","sticky":false,"template":"","format":"standard","meta":{"colormag_page_container_layout":"default_layout","colormag_page_sidebar_layout":"default_layout","rop_custom_images_group":[],"rop_custom_messages_group":[],"rop_publish_now":"initial","rop_publish_now_accounts":{"facebook_109133384920963_108472061465099":""},"rop_publish_now_history":[],"rop_publish_now_status":"pending","footnotes":""},"categories":[14],"tags":[17,26,20,18,19,100,97,91,84,98,99,21,23,22],"class_list":["post-4672","post","type-post","status-publish","format-standard","has-post-thumbnail","hentry","category-secretarias","tag-cuitlahuac-garcia-jimenez","tag-el-veracruzano-vip","tag-enterate","tag-gobierno-del-estado-de-veracruz","tag-redes-sociales","tag-secretaria-de-economia","tag-secretaria-de-educacion-publica","tag-secretaria-de-educacion-veracruz","tag-secretaria-de-proteccion-civil-del-estado-de-veracruz","tag-secretaria-del-medio-ambiente","tag-secretaria-del-trabajo-y-prevision-social","tag-ultima-hora","tag-ultimas-noticias","tag-ultimo-minuto"],"_links":{"self":[{"href":"https:\/\/elveracruzano.vip\/index.php?rest_route=\/wp\/v2\/posts\/4672","targetHints":{"allow":["GET"]}}],"collection":[{"href":"https:\/\/elveracruzano.vip\/index.php?rest_route=\/wp\/v2\/posts"}],"about":[{"href":"https:\/\/elveracruzano.vip\/index.php?rest_route=\/wp\/v2\/types\/post"}],"author":[{"embeddable":true,"href":"https:\/\/elveracruzano.vip\/index.php?rest_route=\/wp\/v2\/users\/4"}],"replies":[{"embeddable":true,"href":"https:\/\/elveracruzano.vip\/index.php?rest_route=%2Fwp%2Fv2%2Fcomments&post=4672"}],"version-history":[{"count":3,"href":"https:\/\/elveracruzano.vip\/index.php?rest_route=\/wp\/v2\/posts\/4672\/revisions"}],"predecessor-version":[{"id":4676,"href":"https:\/\/elveracruzano.vip\/index.php?rest_route=\/wp\/v2\/posts\/4672\/revisions\/4676"}],"wp:featuredmedia":[{"embeddable":true,"href":"https:\/\/elveracruzano.vip\/index.php?rest_route=\/wp\/v2\/media\/4673"}],"wp:attachment":[{"href":"https:\/\/elveracruzano.vip\/index.php?rest_route=%2Fwp%2Fv2%2Fmedia&parent=4672"}],"wp:term":[{"taxonomy":"category","embeddable":true,"href":"https:\/\/elveracruzano.vip\/index.php?rest_route=%2Fwp%2Fv2%2Fcategories&post=4672"},{"taxonomy":"post_tag","embeddable":true,"href":"https:\/\/elveracruzano.vip\/index.php?rest_route=%2Fwp%2Fv2%2Ftags&post=4672"}],"curies":[{"name":"wp","href":"https:\/\/api.w.org\/{rel}","templated":true}]}}