{"id":4663,"date":"2023-02-07T16:50:00","date_gmt":"2023-02-07T22:50:00","guid":{"rendered":"http:\/\/elveracruzano.vip\/?p=4663"},"modified":"2023-02-07T16:50:02","modified_gmt":"2023-02-07T22:50:02","slug":"sin-danos-mayores-en-boca-del-rio-por-frente-frio-28-alcalde-juan-unanue-jm_unanue-_bocadelrio","status":"publish","type":"post","link":"https:\/\/elveracruzano.vip\/?p=4663","title":{"rendered":"Sin da\u00f1os mayores en Boca del R\u00edo por Frente Fr\u00edo 28: alcalde Juan Un\u00e1nue \/ @JM_UNANUE @_BocadelRio >>>"},"content":{"rendered":"\n<p><strong>#BocaDelR\u00edo, #Ver.- <\/strong>Todas las \u00e1reas operativas del Ayuntamiento de Boca del R\u00edo se encuentran en alerta por el impacto del Frente Fr\u00edo 28 y sus efectos en la ciudad, report\u00e1ndose un saldo blanco, inform\u00f3 el Alcalde Juan Manuel Un\u00e1nue Abascal.<\/p>\n\n\n\n<p>\u201cDerivado del paso de este Frente Fr\u00edo por la ciudad, estamos atendiendo los reportes a la brevedad posible y sin temas que preocupar. Como siempre que se presentan este tipo de fen\u00f3menos hidrometeorol\u00f3gicos, todas las \u00e1reas operativas se encuentran preparadas para las atenciones a la ciudadan\u00eda\u201d.<\/p>\n\n\n\n<p>Asimismo, el Edil record\u00f3 que en estas labores de supervisi\u00f3n y monitoreo participan Protecci\u00f3n Civil municipal, Polic\u00eda Municipal, Tr\u00e1nsito, Obras P\u00fablicas, Mantenimiento Urbano, Alumbrado P\u00fablico y Gobernaci\u00f3n.<\/p>\n\n\n\n<p>Por su parte Jorge Rojas Hern\u00e1ndez, director de Protecci\u00f3n Civil municipal dijo que previo a la entrada del Frente Fr\u00edo al territorio de Boca del R\u00edo y por ordenes del Presidente Municipal, se realizaron medidas preventivas, como es el caso del cierre de las cinco playas, instalando bandera roja y no permitiendo a los ciudadanos introducirse al mar.<\/p>\n\n\n\n<p>Hasta el momento se ha reportado la ca\u00edda de un poste, el desprendimiento de l\u00e1minas, un sem\u00e1foro afectado por el viento, la ca\u00edda de un anuncio, reporte de cables ca\u00eddos, adem\u00e1s del desprendimiento de una lona de anuncio, as\u00ed como el desprendimiento de una estructura de alumbrado y se\u00f1al\u00e9tica afectada.<\/p>\n\n\n\n<p>De igual forma se restringi\u00f3 la circulaci\u00f3n vehicular en el bulevar Manuel \u00c1vila Camacho en el tramo norte sur desde Jes\u00fas Reyes Heroles hasta M\u00e9dico Militar, y sur a norte desde Juan Pablo II hasta la intersecci\u00f3n con Ruiz Cortines, la cual se mantendr\u00e1 cerrada hasta que las condiciones del tiempo lo permitan.<\/p>\n\n\n\n<p><strong>#ElVeracruzanoVIP &#8211; <\/strong><a href=\"https:\/\/www.facebook.com\/ElVeracruzanoVIP\/\">El Veracruzano VIP<\/a><\/p>\n","protected":false},"excerpt":{"rendered":"<p>#BocaDelR\u00edo, #Ver.- Todas las \u00e1reas operativas del Ayuntamiento de Boca del R\u00edo se encuentran en alerta por el impacto del<\/p>\n","protected":false},"author":4,"featured_media":4664,"comment_status":"open","ping_status":"open","sticky":false,"template":"","format":"standard","meta":{"colormag_page_container_layout":"default_layout","colormag_page_sidebar_layout":"default_layout","rop_custom_images_group":[],"rop_custom_messages_group":[],"rop_publish_now":"initial","rop_publish_now_accounts":{"facebook_109133384920963_108472061465099":""},"rop_publish_now_history":[],"rop_publish_now_status":"pending","footnotes":""},"categories":[11],"tags":[35,17,26,20,18,34,19,100,97,91,84,98,99,21,23,22],"class_list":["post-4663","post","type-post","status-publish","format-standard","has-post-thumbnail","hentry","category-municipios-destacados","tag-boca-del-rio","tag-cuitlahuac-garcia-jimenez","tag-el-veracruzano-vip","tag-enterate","tag-gobierno-del-estado-de-veracruz","tag-juan-manuel-unanue","tag-redes-sociales","tag-secretaria-de-economia","tag-secretaria-de-educacion-publica","tag-secretaria-de-educacion-veracruz","tag-secretaria-de-proteccion-civil-del-estado-de-veracruz","tag-secretaria-del-medio-ambiente","tag-secretaria-del-trabajo-y-prevision-social","tag-ultima-hora","tag-ultimas-noticias","tag-ultimo-minuto"],"_links":{"self":[{"href":"https:\/\/elveracruzano.vip\/index.php?rest_route=\/wp\/v2\/posts\/4663","targetHints":{"allow":["GET"]}}],"collection":[{"href":"https:\/\/elveracruzano.vip\/index.php?rest_route=\/wp\/v2\/posts"}],"about":[{"href":"https:\/\/elveracruzano.vip\/index.php?rest_route=\/wp\/v2\/types\/post"}],"author":[{"embeddable":true,"href":"https:\/\/elveracruzano.vip\/index.php?rest_route=\/wp\/v2\/users\/4"}],"replies":[{"embeddable":true,"href":"https:\/\/elveracruzano.vip\/index.php?rest_route=%2Fwp%2Fv2%2Fcomments&post=4663"}],"version-history":[{"count":3,"href":"https:\/\/elveracruzano.vip\/index.php?rest_route=\/wp\/v2\/posts\/4663\/revisions"}],"predecessor-version":[{"id":4667,"href":"https:\/\/elveracruzano.vip\/index.php?rest_route=\/wp\/v2\/posts\/4663\/revisions\/4667"}],"wp:featuredmedia":[{"embeddable":true,"href":"https:\/\/elveracruzano.vip\/index.php?rest_route=\/wp\/v2\/media\/4664"}],"wp:attachment":[{"href":"https:\/\/elveracruzano.vip\/index.php?rest_route=%2Fwp%2Fv2%2Fmedia&parent=4663"}],"wp:term":[{"taxonomy":"category","embeddable":true,"href":"https:\/\/elveracruzano.vip\/index.php?rest_route=%2Fwp%2Fv2%2Fcategories&post=4663"},{"taxonomy":"post_tag","embeddable":true,"href":"https:\/\/elveracruzano.vip\/index.php?rest_route=%2Fwp%2Fv2%2Ftags&post=4663"}],"curies":[{"name":"wp","href":"https:\/\/api.w.org\/{rel}","templated":true}]}}