{"id":464,"date":"2022-01-12T15:20:49","date_gmt":"2022-01-12T21:20:49","guid":{"rendered":"http:\/\/elveracruzano.vip\/?p=464"},"modified":"2022-01-12T12:30:43","modified_gmt":"2022-01-12T18:30:43","slug":"el-dif-veracruz-realiza-constantes-recorridos-para-ofrecer-espacios-de-recreacion-en-buenas-condiciones","status":"publish","type":"post","link":"https:\/\/elveracruzano.vip\/?p=464","title":{"rendered":"El DIF Veracruz realiza constantes recorridos para ofrecer espacios de recreaci\u00f3n en buenas condiciones"},"content":{"rendered":"\n<p><strong>#GobiernoDeVeracruz<\/strong>.- Comprometidos con la salud de los veracruzanos, el estado ha recorrido los centros DIF en Boca del R\u00edo y el Puerto de Veracruz, en los que han verificado que los espacios de esparcimiento se encuentren en condiciones apropiadas, para que las familias de las entidades puedan asistir y fomentar una sana convivencia.<\/p>\n\n\n\n<p>Por esta raz\u00f3n, reafirmaron su compromiso de trabajar d\u00eda con d\u00eda por rehabilitar y hacer m\u00e1s inclusivos todos los espacios que nos integran a lo largo del estado.<\/p>\n\n\n\n<div class=\"wp-block-image\"><figure class=\"aligncenter size-full is-resized\"><img loading=\"lazy\" decoding=\"async\" src=\"http:\/\/elveracruzano.vip\/wp-content\/uploads\/2022\/01\/ultiv2.jpg\" alt=\"\" class=\"wp-image-465\" width=\"517\" height=\"348\"\/><\/figure><\/div>\n\n\n\n<p><strong>#ElVeracruzanoVip<\/strong><\/p>\n","protected":false},"excerpt":{"rendered":"<p>#GobiernoDeVeracruz.- Comprometidos con la salud de los veracruzanos, el estado ha recorrido los centros DIF en Boca del R\u00edo y<\/p>\n","protected":false},"author":4,"featured_media":0,"comment_status":"open","ping_status":"open","sticky":false,"template":"","format":"standard","meta":{"colormag_page_container_layout":"default_layout","colormag_page_sidebar_layout":"default_layout","rop_custom_images_group":[],"rop_custom_messages_group":[],"rop_publish_now":"initial","rop_publish_now_accounts":{"facebook_109133384920963_108472061465099":""},"rop_publish_now_history":[],"rop_publish_now_status":"pending","footnotes":""},"categories":[16],"tags":[17,26,20,18,19,21,23,22],"class_list":["post-464","post","type-post","status-publish","format-standard","hentry","category-ultima-hora","tag-cuitlahuac-garcia-jimenez","tag-el-veracruzano-vip","tag-enterate","tag-gobierno-del-estado-de-veracruz","tag-redes-sociales","tag-ultima-hora","tag-ultimas-noticias","tag-ultimo-minuto"],"_links":{"self":[{"href":"https:\/\/elveracruzano.vip\/index.php?rest_route=\/wp\/v2\/posts\/464","targetHints":{"allow":["GET"]}}],"collection":[{"href":"https:\/\/elveracruzano.vip\/index.php?rest_route=\/wp\/v2\/posts"}],"about":[{"href":"https:\/\/elveracruzano.vip\/index.php?rest_route=\/wp\/v2\/types\/post"}],"author":[{"embeddable":true,"href":"https:\/\/elveracruzano.vip\/index.php?rest_route=\/wp\/v2\/users\/4"}],"replies":[{"embeddable":true,"href":"https:\/\/elveracruzano.vip\/index.php?rest_route=%2Fwp%2Fv2%2Fcomments&post=464"}],"version-history":[{"count":1,"href":"https:\/\/elveracruzano.vip\/index.php?rest_route=\/wp\/v2\/posts\/464\/revisions"}],"predecessor-version":[{"id":467,"href":"https:\/\/elveracruzano.vip\/index.php?rest_route=\/wp\/v2\/posts\/464\/revisions\/467"}],"wp:attachment":[{"href":"https:\/\/elveracruzano.vip\/index.php?rest_route=%2Fwp%2Fv2%2Fmedia&parent=464"}],"wp:term":[{"taxonomy":"category","embeddable":true,"href":"https:\/\/elveracruzano.vip\/index.php?rest_route=%2Fwp%2Fv2%2Fcategories&post=464"},{"taxonomy":"post_tag","embeddable":true,"href":"https:\/\/elveracruzano.vip\/index.php?rest_route=%2Fwp%2Fv2%2Ftags&post=464"}],"curies":[{"name":"wp","href":"https:\/\/api.w.org\/{rel}","templated":true}]}}