{"id":4637,"date":"2023-02-02T17:50:49","date_gmt":"2023-02-02T23:50:49","guid":{"rendered":"http:\/\/elveracruzano.vip\/?p=4637"},"modified":"2023-02-02T17:50:51","modified_gmt":"2023-02-02T23:50:51","slug":"mejora-secretaria-de-trabajo-atencion-a-buscadores-de-empleo-con-nueva-sede-del-sne-en-xalapa-cuitlahuacgj-gobiernover","status":"publish","type":"post","link":"https:\/\/elveracruzano.vip\/?p=4637","title":{"rendered":"Mejora Secretar\u00eda de Trabajo atenci\u00f3n a buscadores de empleo con nueva sede del SNE en Xalapa \/ @CuitlahuacGJ @GobiernoVer >>>"},"content":{"rendered":"\n<p><strong>#GobiernoDeVeracruz.- <\/strong>Por gestiones de la Secretar\u00eda de Trabajo, Previsi\u00f3n Social y Productividad (STPSP), el Servicio Nacional de Empleo (SNE) tiene nueva sede en la avenida Adolfo Ruiz Cortines #1618, en la capital del estado.<\/p>\n\n\n\n<p>La cercan\u00eda de las dos oficinas de la ciudad fue planeada para facilitar la comunicaci\u00f3n del ente gubernamental hacia los beneficiarios de sus proyectos, as\u00ed como las actividades propias de la administraci\u00f3n, concentrando las coordinaciones de Planeaci\u00f3n, Apoyos Financieros, Contralor\u00eda y Asesor\u00eda Jur\u00eddica, adem\u00e1s de Recursos Humanos.<\/p>\n\n\n\n<p>Las instalaciones reci\u00e9n inauguradas permiten a la Coordinaci\u00f3n de Movilidad Laboral realizar de mejor manera las entrevistas para el proceso de selecci\u00f3n, estableciendo un v\u00ednculo estrecho entre buscadores de empleo y reclutadores.<\/p>\n\n\n\n<p>Lo anterior es ejemplo claro del compromiso del Gobierno estatal por optimizar espacios y brindar servicios de calidad a la ciudadan\u00eda, al tiempo de dignificar las condiciones de su plantilla y elevar la productividad en sus centros de trabajo.<\/p>\n\n\n\n<p><strong>#ElVeracruzanoVIP &#8211; <\/strong><a href=\"https:\/\/www.facebook.com\/ElVeracruzanoVIP\/\">El Veracruzano VIP<\/a><\/p>\n","protected":false},"excerpt":{"rendered":"<p>#GobiernoDeVeracruz.- Por gestiones de la Secretar\u00eda de Trabajo, Previsi\u00f3n Social y Productividad (STPSP), el Servicio Nacional de Empleo (SNE) tiene<\/p>\n","protected":false},"author":4,"featured_media":4638,"comment_status":"open","ping_status":"open","sticky":false,"template":"","format":"standard","meta":{"colormag_page_container_layout":"default_layout","colormag_page_sidebar_layout":"default_layout","rop_custom_images_group":[],"rop_custom_messages_group":[],"rop_publish_now":"initial","rop_publish_now_accounts":{"facebook_109133384920963_108472061465099":""},"rop_publish_now_history":[],"rop_publish_now_status":"pending","footnotes":""},"categories":[14],"tags":[17,26,20,18,19,100,97,91,84,98,99,21,23,22],"class_list":["post-4637","post","type-post","status-publish","format-standard","has-post-thumbnail","hentry","category-secretarias","tag-cuitlahuac-garcia-jimenez","tag-el-veracruzano-vip","tag-enterate","tag-gobierno-del-estado-de-veracruz","tag-redes-sociales","tag-secretaria-de-economia","tag-secretaria-de-educacion-publica","tag-secretaria-de-educacion-veracruz","tag-secretaria-de-proteccion-civil-del-estado-de-veracruz","tag-secretaria-del-medio-ambiente","tag-secretaria-del-trabajo-y-prevision-social","tag-ultima-hora","tag-ultimas-noticias","tag-ultimo-minuto"],"_links":{"self":[{"href":"https:\/\/elveracruzano.vip\/index.php?rest_route=\/wp\/v2\/posts\/4637","targetHints":{"allow":["GET"]}}],"collection":[{"href":"https:\/\/elveracruzano.vip\/index.php?rest_route=\/wp\/v2\/posts"}],"about":[{"href":"https:\/\/elveracruzano.vip\/index.php?rest_route=\/wp\/v2\/types\/post"}],"author":[{"embeddable":true,"href":"https:\/\/elveracruzano.vip\/index.php?rest_route=\/wp\/v2\/users\/4"}],"replies":[{"embeddable":true,"href":"https:\/\/elveracruzano.vip\/index.php?rest_route=%2Fwp%2Fv2%2Fcomments&post=4637"}],"version-history":[{"count":1,"href":"https:\/\/elveracruzano.vip\/index.php?rest_route=\/wp\/v2\/posts\/4637\/revisions"}],"predecessor-version":[{"id":4639,"href":"https:\/\/elveracruzano.vip\/index.php?rest_route=\/wp\/v2\/posts\/4637\/revisions\/4639"}],"wp:featuredmedia":[{"embeddable":true,"href":"https:\/\/elveracruzano.vip\/index.php?rest_route=\/wp\/v2\/media\/4638"}],"wp:attachment":[{"href":"https:\/\/elveracruzano.vip\/index.php?rest_route=%2Fwp%2Fv2%2Fmedia&parent=4637"}],"wp:term":[{"taxonomy":"category","embeddable":true,"href":"https:\/\/elveracruzano.vip\/index.php?rest_route=%2Fwp%2Fv2%2Fcategories&post=4637"},{"taxonomy":"post_tag","embeddable":true,"href":"https:\/\/elveracruzano.vip\/index.php?rest_route=%2Fwp%2Fv2%2Ftags&post=4637"}],"curies":[{"name":"wp","href":"https:\/\/api.w.org\/{rel}","templated":true}]}}