{"id":4559,"date":"2023-01-26T17:58:47","date_gmt":"2023-01-26T23:58:47","guid":{"rendered":"http:\/\/elveracruzano.vip\/?p=4559"},"modified":"2023-01-26T17:58:49","modified_gmt":"2023-01-26T23:58:49","slug":"la-secretaria-de-finanzas-y-planeacion-reitera-el-llamado-a-pagar-placas-vehiculares-en-parcialidades-cuitlahuacgj-gobiernover","status":"publish","type":"post","link":"https:\/\/elveracruzano.vip\/?p=4559","title":{"rendered":"La Secretaria de Finanzas y Planeaci\u00f3n reitera el llamado a pagar placas vehiculares en parcialidades \/ @CuitlahuacGJ @GobiernoVer >>>"},"content":{"rendered":"\n<p><strong>#GobiernoDeVeracruz.- <\/strong>Con la publicaci\u00f3n del decreto que establece nuevos est\u00edmulos fiscales a propietarios de veh\u00edculos inscritos en el Registro Estatal de Contribuyentes, la Secretar\u00eda de Finanzas y Planeaci\u00f3n (SEFIPLAN) reitera el llamado al canje de placas, esta vez mediante pagos en parcialidades que ir\u00e1n de 4 a 10, dependiendo de los adeudos de ejercicios anteriores.<\/p>\n\n\n\n<p>En conferencia de prensa, el gobernador Cuitl\u00e1huac Garc\u00eda Jim\u00e9nez asever\u00f3 a la ciudadan\u00eda que tiene desde este d\u00eda hasta el 31 de marzo para la regularizaci\u00f3n, pues a partir de abril no podr\u00e1n circular en Veracruz autom\u00f3viles con placas emitidas de 2016 hacia atr\u00e1s.<\/p>\n\n\n\n<p>\u201cLas ventajas de hacerlo ahora es que desde el primer pago se da la placa; el requisito m\u00e1s importante es dejar en garant\u00eda la factura, pero si tienes el respaldo de un banco lo puedes hacer en convenio con ellos. No esperemos m\u00e1s, dimos un a\u00f1o; quedan dos meses m\u00e1s\u201d.<\/p>\n\n\n\n<p>De acuerdo con el titular de la SEFIPLAN, Jos\u00e9 Luis Lima Franco, ya no ser\u00e1 condonada la tenencia acumulada pero s\u00ed los montos por cambio de propietario o baja; mientras que el objetivo principal sigue siendo la seguridad y el cumplimiento a la norma oficial en materia de circulaci\u00f3n.<\/p>\n\n\n\n<p>A su vez, el director de Recaudaci\u00f3n de la dependencia, Diego David Mel\u00e9ndez Bravo, explic\u00f3 que el costo por canje extempor\u00e1neo asciende a 12.73 unidades de Medida y Actualizaci\u00f3n, lo cual esperan captar desde el primer dep\u00f3sito, junto con el derecho de Control Vehicular 2023, anticipo proporcional al n\u00famero de parcialidades y gastos de ejecuci\u00f3n.<\/p>\n\n\n\n<p>Para acceder a este beneficio s\u00f3lo debes contar con la verificaci\u00f3n vigente y presentar factura original (propiedad del deudor o un responsable solidario), identificaci\u00f3n oficial con fotograf\u00eda y comprobante de domicilio en cualquiera de las 35 oficinas de Hacienda del Estado ubicadas en todas las regiones, donde redactar\u00e1s la solicitud del est\u00edmulo fiscal.<\/p>\n\n\n\n<p><strong>#ElVeracruzanoVIP &#8211; <\/strong><a href=\"https:\/\/www.facebook.com\/ElVeracruzanoVIP\/\">El Veracruzano VIP<\/a><\/p>\n","protected":false},"excerpt":{"rendered":"<p>#GobiernoDeVeracruz.- Con la publicaci\u00f3n del decreto que establece nuevos est\u00edmulos fiscales a propietarios de veh\u00edculos inscritos en el Registro Estatal<\/p>\n","protected":false},"author":4,"featured_media":4560,"comment_status":"open","ping_status":"open","sticky":false,"template":"","format":"standard","meta":{"colormag_page_container_layout":"default_layout","colormag_page_sidebar_layout":"default_layout","rop_custom_images_group":[],"rop_custom_messages_group":[],"rop_publish_now":"initial","rop_publish_now_accounts":{"facebook_109133384920963_108472061465099":""},"rop_publish_now_history":[],"rop_publish_now_status":"pending","footnotes":""},"categories":[14],"tags":[17,26,20,18,19,100,97,91,84,98,99,21,23,22],"class_list":["post-4559","post","type-post","status-publish","format-standard","has-post-thumbnail","hentry","category-secretarias","tag-cuitlahuac-garcia-jimenez","tag-el-veracruzano-vip","tag-enterate","tag-gobierno-del-estado-de-veracruz","tag-redes-sociales","tag-secretaria-de-economia","tag-secretaria-de-educacion-publica","tag-secretaria-de-educacion-veracruz","tag-secretaria-de-proteccion-civil-del-estado-de-veracruz","tag-secretaria-del-medio-ambiente","tag-secretaria-del-trabajo-y-prevision-social","tag-ultima-hora","tag-ultimas-noticias","tag-ultimo-minuto"],"_links":{"self":[{"href":"https:\/\/elveracruzano.vip\/index.php?rest_route=\/wp\/v2\/posts\/4559","targetHints":{"allow":["GET"]}}],"collection":[{"href":"https:\/\/elveracruzano.vip\/index.php?rest_route=\/wp\/v2\/posts"}],"about":[{"href":"https:\/\/elveracruzano.vip\/index.php?rest_route=\/wp\/v2\/types\/post"}],"author":[{"embeddable":true,"href":"https:\/\/elveracruzano.vip\/index.php?rest_route=\/wp\/v2\/users\/4"}],"replies":[{"embeddable":true,"href":"https:\/\/elveracruzano.vip\/index.php?rest_route=%2Fwp%2Fv2%2Fcomments&post=4559"}],"version-history":[{"count":1,"href":"https:\/\/elveracruzano.vip\/index.php?rest_route=\/wp\/v2\/posts\/4559\/revisions"}],"predecessor-version":[{"id":4561,"href":"https:\/\/elveracruzano.vip\/index.php?rest_route=\/wp\/v2\/posts\/4559\/revisions\/4561"}],"wp:featuredmedia":[{"embeddable":true,"href":"https:\/\/elveracruzano.vip\/index.php?rest_route=\/wp\/v2\/media\/4560"}],"wp:attachment":[{"href":"https:\/\/elveracruzano.vip\/index.php?rest_route=%2Fwp%2Fv2%2Fmedia&parent=4559"}],"wp:term":[{"taxonomy":"category","embeddable":true,"href":"https:\/\/elveracruzano.vip\/index.php?rest_route=%2Fwp%2Fv2%2Fcategories&post=4559"},{"taxonomy":"post_tag","embeddable":true,"href":"https:\/\/elveracruzano.vip\/index.php?rest_route=%2Fwp%2Fv2%2Ftags&post=4559"}],"curies":[{"name":"wp","href":"https:\/\/api.w.org\/{rel}","templated":true}]}}