{"id":454,"date":"2022-01-12T12:07:55","date_gmt":"2022-01-12T18:07:55","guid":{"rendered":"http:\/\/elveracruzano.vip\/?p=454"},"modified":"2022-01-12T12:07:56","modified_gmt":"2022-01-12T18:07:56","slug":"integra-cordoba-comite-municipal-de-salud-por-contingencia-de-covid-19","status":"publish","type":"post","link":"https:\/\/elveracruzano.vip\/?p=454","title":{"rendered":"Integra C\u00f3rdoba Comit\u00e9 Municipal de Salud por contingencia de Covid-19"},"content":{"rendered":"\n<p class=\"wp-block-paragraph\"><strong>#C\u00f3rdoba<\/strong>, <strong>#Ver<\/strong>.- Ante la contingencia sanitaria por Covid, ediles aprobaron por unanimidad la conformaci\u00f3n del Comit\u00e9 Municipal de Salud, quienes se encargar\u00e1n de las acciones inmediatas en la ciudad y evitar incrementar el n\u00famero de casos, dijo el presidente Juan Mart\u00ednez Flores.<\/p>\n\n\n\n<p class=\"wp-block-paragraph\">La Sesi\u00f3n Extraordinaria de Cabildo fue de car\u00e1cter urgente luego de que la Secretar\u00eda de Salud de Veracruz decretara el ingreso de C\u00f3rdoba a sem\u00e1foro epidemiol\u00f3gico amarillo (riesgo moderado), es por eso que urg\u00eda que la ciudad tuviera esta integraci\u00f3n de profesionales en la salud con el fin de atender de manera inmediata la contingencia sanitaria.<\/p>\n\n\n\n<p class=\"wp-block-paragraph\">Una vez aprobado por el Cabildo, la representaci\u00f3n quedar\u00e1 de la siguiente forma: Juan Mart\u00ednez Flores, como presidente del comit\u00e9; la regidora cuarta Mar\u00eda Luisa Mart\u00ednez Ram\u00edrez, como encargada de la comisi\u00f3n edilicia de Salud y Asistencia P\u00fablica; Adriana Arteaga Vega como secretaria t\u00e9cnica; Nadia Rodr\u00edguez Fern\u00e1ndez, como titular de la Jurisdicci\u00f3n Sanitaria n\u00famero 6.<\/p>\n\n\n\n<p class=\"wp-block-paragraph\">Como parte de los vocales: Antonio Vel\u00e1zquez Mart\u00ednez, integrante de la Asociaci\u00f3n Mexicana de M\u00e9dicos Familiares y Generales cap\u00edtulo C\u00f3rdoba; Aurea Mendoza Olvera, secretaria acad\u00e9mica de la facultad de Medicina de la Universidad Veracruzana campus Ciudad Mendoza; y Daniel Huerta Rivadeneyra, director del sanatorio Huerta.<\/p>\n\n\n\n<p class=\"wp-block-paragraph\">Pide Presidente a Directores, servir con eficacia y humildad<\/p>\n\n\n\n<p class=\"wp-block-paragraph\">El alcalde de C\u00f3rdoba Juan Mart\u00ednez Flores, tom\u00f3 protesta a directores de las diversas \u00e1reas del Honorable Ayuntamiento de C\u00f3rdoba para la administraci\u00f3n 2022-2025 en donde se les encomend\u00f3 que durante su nuevo encargo se dirijan a la poblaci\u00f3n con respeto y siempre apegados a los derechos humanos.<\/p>\n\n\n\n<p class=\"wp-block-paragraph\"><strong>#ElVeracruzanoVip<\/strong><\/p>\n","protected":false},"excerpt":{"rendered":"<p>#C\u00f3rdoba, #Ver.- Ante la contingencia sanitaria por Covid, ediles aprobaron por unanimidad la conformaci\u00f3n del Comit\u00e9 Municipal de Salud, quienes<\/p>\n","protected":false},"author":1,"featured_media":455,"comment_status":"open","ping_status":"open","sticky":false,"template":"","format":"standard","meta":{"colormag_page_container_layout":"default_layout","colormag_page_sidebar_layout":"default_layout","rop_custom_images_group":[],"rop_custom_messages_group":[],"rop_publish_now":"initial","rop_publish_now_accounts":{"facebook_109133384920963_108472061465099":""},"rop_publish_now_history":[],"rop_publish_now_status":"pending","footnotes":""},"categories":[11],"tags":[36,26,20,18,66,19,21,23,22],"class_list":["post-454","post","type-post","status-publish","format-standard","has-post-thumbnail","hentry","category-municipios-destacados","tag-cordoba","tag-el-veracruzano-vip","tag-enterate","tag-gobierno-del-estado-de-veracruz","tag-juan-martinez-flores","tag-redes-sociales","tag-ultima-hora","tag-ultimas-noticias","tag-ultimo-minuto"],"_links":{"self":[{"href":"https:\/\/elveracruzano.vip\/index.php?rest_route=\/wp\/v2\/posts\/454","targetHints":{"allow":["GET"]}}],"collection":[{"href":"https:\/\/elveracruzano.vip\/index.php?rest_route=\/wp\/v2\/posts"}],"about":[{"href":"https:\/\/elveracruzano.vip\/index.php?rest_route=\/wp\/v2\/types\/post"}],"author":[{"embeddable":true,"href":"https:\/\/elveracruzano.vip\/index.php?rest_route=\/wp\/v2\/users\/1"}],"replies":[{"embeddable":true,"href":"https:\/\/elveracruzano.vip\/index.php?rest_route=%2Fwp%2Fv2%2Fcomments&post=454"}],"version-history":[{"count":1,"href":"https:\/\/elveracruzano.vip\/index.php?rest_route=\/wp\/v2\/posts\/454\/revisions"}],"predecessor-version":[{"id":456,"href":"https:\/\/elveracruzano.vip\/index.php?rest_route=\/wp\/v2\/posts\/454\/revisions\/456"}],"wp:featuredmedia":[{"embeddable":true,"href":"https:\/\/elveracruzano.vip\/index.php?rest_route=\/wp\/v2\/media\/455"}],"wp:attachment":[{"href":"https:\/\/elveracruzano.vip\/index.php?rest_route=%2Fwp%2Fv2%2Fmedia&parent=454"}],"wp:term":[{"taxonomy":"category","embeddable":true,"href":"https:\/\/elveracruzano.vip\/index.php?rest_route=%2Fwp%2Fv2%2Fcategories&post=454"},{"taxonomy":"post_tag","embeddable":true,"href":"https:\/\/elveracruzano.vip\/index.php?rest_route=%2Fwp%2Fv2%2Ftags&post=454"}],"curies":[{"name":"wp","href":"https:\/\/api.w.org\/{rel}","templated":true}]}}