{"id":4523,"date":"2023-01-24T18:13:14","date_gmt":"2023-01-25T00:13:14","guid":{"rendered":"http:\/\/elveracruzano.vip\/?p=4523"},"modified":"2023-01-24T18:13:16","modified_gmt":"2023-01-25T00:13:16","slug":"integrara-sev-a-mas-de-500-mil-estudiantes-a-estrategias-contra-adicciones-y-promocion-de-la-salud-cuitlahuacgj-gobiernover","status":"publish","type":"post","link":"https:\/\/elveracruzano.vip\/?p=4523","title":{"rendered":"Integrar\u00e1 SEV a m\u00e1s de 500 mil estudiantes a estrategias contra adicciones y promoci\u00f3n de la salud \/ @CuitlahuacGJ @GobiernoVer >>>"},"content":{"rendered":"\n<p><strong>#GobiernoDeVeracruz.- <\/strong>Con la estrategia estatal\u00a0Manejo de Emociones y Prevenci\u00f3n de las Adicciones en la Comunidad Educativa, la Secretar\u00eda de Educaci\u00f3n de Veracruz (SEV) fomenta la salud integral de ni\u00f1os y adolescentes de escuelas p\u00fablicas y privadas.<\/p>\n\n\n\n<p>Durante la presentaci\u00f3n de esta iniciativa, el coordinador de Delegaciones Regionales de la SEV, V\u00edctor Emmanuel Vargas Barrientos, dio a conocer que el programa se implementar\u00e1 en las 10 regiones del estado con la finalidad de impactar a 528 mil 687 estudiantes y 29 mil 026 docentes.<\/p>\n\n\n\n<p>Agreg\u00f3 que, con esta estrategia que incluye las l\u00edneas de acci\u00f3n\u00a0Ilumina tu Vida,\u00a0Manual para el Desarrollo de Habilidades Socioemocionales de las y los Docentes en Veracruz\u00a0y\u00a0Mochila Confiable, se han recorrido planteles de Educaci\u00f3n B\u00e1sica y Media Superior de 49 municipios promoviendo temas que fortalecen la salud f\u00edsica, emocional y mental de la ni\u00f1ez y la juventud.<\/p>\n\n\n\n<p>Durante el acto efectuado en la Escuela Telesecundaria \u201cNarciso Mendoza\u201d de La Perla, la coordinadora para la Prevenci\u00f3n y Atenci\u00f3n de las Adicciones y de las Conductas Antisociales (COPACA), Ang\u00e9lica Mar\u00eda Huesca Palomino, precis\u00f3 que la aplicaci\u00f3n de los ejercicios y las t\u00e9cnicas del manual tendr\u00e1n un impacto positivo en el quehacer cotidiano de las aulas en el marco de la Nueva Escuela Mexicana.<\/p>\n\n\n\n<p>La servidora p\u00fablica destac\u00f3 que\u00a0Mochila Confiable\u00a0busca sembrar un ambiente pac\u00edfico en el entorno educativo, estableciendo procesos preventivos que eviten que los alumnos porten o introduzcan objetos o sustancias que atenten contra su integridad f\u00edsica, psicol\u00f3gica, social y de la comunidad escolar sin vulnerar los derechos del estudiantado.<\/p>\n\n\n\n<p><strong>#ElVeracruzanoVIP &#8211; <\/strong><a href=\"https:\/\/www.facebook.com\/ElVeracruzanoVIP\/\">El Veracruzano VIP<\/a><\/p>\n","protected":false},"excerpt":{"rendered":"<p>#GobiernoDeVeracruz.- Con la estrategia estatal\u00a0Manejo de Emociones y Prevenci\u00f3n de las Adicciones en la Comunidad Educativa, la Secretar\u00eda de Educaci\u00f3n<\/p>\n","protected":false},"author":4,"featured_media":4524,"comment_status":"open","ping_status":"open","sticky":false,"template":"","format":"standard","meta":{"colormag_page_container_layout":"default_layout","colormag_page_sidebar_layout":"default_layout","rop_custom_images_group":[],"rop_custom_messages_group":[],"rop_publish_now":"initial","rop_publish_now_accounts":{"facebook_109133384920963_108472061465099":""},"rop_publish_now_history":[],"rop_publish_now_status":"pending","footnotes":""},"categories":[14],"tags":[17,26,20,18,19,97,91,84,98,99,21,23,22],"class_list":["post-4523","post","type-post","status-publish","format-standard","has-post-thumbnail","hentry","category-secretarias","tag-cuitlahuac-garcia-jimenez","tag-el-veracruzano-vip","tag-enterate","tag-gobierno-del-estado-de-veracruz","tag-redes-sociales","tag-secretaria-de-educacion-publica","tag-secretaria-de-educacion-veracruz","tag-secretaria-de-proteccion-civil-del-estado-de-veracruz","tag-secretaria-del-medio-ambiente","tag-secretaria-del-trabajo-y-prevision-social","tag-ultima-hora","tag-ultimas-noticias","tag-ultimo-minuto"],"_links":{"self":[{"href":"https:\/\/elveracruzano.vip\/index.php?rest_route=\/wp\/v2\/posts\/4523","targetHints":{"allow":["GET"]}}],"collection":[{"href":"https:\/\/elveracruzano.vip\/index.php?rest_route=\/wp\/v2\/posts"}],"about":[{"href":"https:\/\/elveracruzano.vip\/index.php?rest_route=\/wp\/v2\/types\/post"}],"author":[{"embeddable":true,"href":"https:\/\/elveracruzano.vip\/index.php?rest_route=\/wp\/v2\/users\/4"}],"replies":[{"embeddable":true,"href":"https:\/\/elveracruzano.vip\/index.php?rest_route=%2Fwp%2Fv2%2Fcomments&post=4523"}],"version-history":[{"count":2,"href":"https:\/\/elveracruzano.vip\/index.php?rest_route=\/wp\/v2\/posts\/4523\/revisions"}],"predecessor-version":[{"id":4526,"href":"https:\/\/elveracruzano.vip\/index.php?rest_route=\/wp\/v2\/posts\/4523\/revisions\/4526"}],"wp:featuredmedia":[{"embeddable":true,"href":"https:\/\/elveracruzano.vip\/index.php?rest_route=\/wp\/v2\/media\/4524"}],"wp:attachment":[{"href":"https:\/\/elveracruzano.vip\/index.php?rest_route=%2Fwp%2Fv2%2Fmedia&parent=4523"}],"wp:term":[{"taxonomy":"category","embeddable":true,"href":"https:\/\/elveracruzano.vip\/index.php?rest_route=%2Fwp%2Fv2%2Fcategories&post=4523"},{"taxonomy":"post_tag","embeddable":true,"href":"https:\/\/elveracruzano.vip\/index.php?rest_route=%2Fwp%2Fv2%2Ftags&post=4523"}],"curies":[{"name":"wp","href":"https:\/\/api.w.org\/{rel}","templated":true}]}}