{"id":4499,"date":"2023-01-19T17:47:16","date_gmt":"2023-01-19T23:47:16","guid":{"rendered":"http:\/\/elveracruzano.vip\/?p=4499"},"modified":"2023-01-19T17:47:18","modified_gmt":"2023-01-19T23:47:18","slug":"da-inicio-alcaldesa-de-veracruz-paty-lobeira-el-programa-permanente-de-mantenimiento-a-parques-patyyunes-ayuntamientover","status":"publish","type":"post","link":"https:\/\/elveracruzano.vip\/?p=4499","title":{"rendered":"Da inicio alcaldesa de Veracruz, Paty Lobeira, el \u201cPrograma Permanente de Mantenimiento a Parques\u201d \/ @PatyYunes @AyuntamientoVer >>>"},"content":{"rendered":"\n<p><strong>#Veracruz, #Ver.- <\/strong>En el Parque Zaragoza, uno de los m\u00e1s tradicionales del Puerto de Veracruz, la alcaldesa Paty Lobeira de Yunes dio inicio en este 2023 al \u201cPrograma Permanente de Mantenimiento a Parques\u201d, el cual puso en marcha al comenzar su administraci\u00f3n.<\/p>\n\n\n\n<p>\u201cQueremos que la ciudadan\u00eda pueda venir y disfrutar de estos espacios tan bonitos que tenemos en la ciudad y es por eso que iniciamos hoy con este programa\u201d, manifest\u00f3.<\/p>\n\n\n\n<p>Inform\u00f3 que en este a\u00f1o se realizar\u00e1n trabajos de mantenimiento integral en 15 parques de la ciudad para mejorar su imagen urbana y que las familias puedan disfrutar de diferentes actividades en espacios p\u00fablicos bonitos y seguros.<\/p>\n\n\n\n<p>\u201cVamos a empezar con la limpieza, mejorar la pintura y las luminarias, tambi\u00e9n vamos a colocar cestos de basura, ser\u00e1 un mantenimiento integral a los parques para devolverle a la ciudadan\u00eda estos espacios tan importantes para su esparcimiento y para que puedan venir con sus hijos, con sus familias; lo que nosotros hemos estado haciendo en el Ayuntamiento es generar ese tenido social que tanto necesitamos como sociedad\u201d, subray\u00f3.<\/p>\n\n\n\n<p>Reafirm\u00f3 que estas \u00e1reas p\u00fablicas, son un lugar importante para la recreaci\u00f3n, la convivencia, y tambi\u00e9n deben de ser un lugar de esparcimiento seguro para los ni\u00f1os y para las familias veracruzanas.<\/p>\n\n\n\n<p>La Alcaldesa Paty Lobeira de Yunes dijo que tambi\u00e9n se impartir\u00e1n talleres para que haya m\u00e1s vida en estos espacios p\u00fablicos. \u201cVamos a hacer un mantenimiento integral, pero adem\u00e1s tambi\u00e9n vamos a darles vida, vamos a poner talleres para que la ciudadan\u00eda se adue\u00f1e de estos espacios y las familias puedan venir a disfrutar de manera segura\u201d,&nbsp;concluy\u00f3.<\/p>\n\n\n\n<p><strong>#ElVeracruzanoVIP &#8211; <\/strong><a href=\"https:\/\/www.facebook.com\/ElVeracruzanoVIP\/\">El Veracruzano VIP<\/a><\/p>\n","protected":false},"excerpt":{"rendered":"<p>#Veracruz, #Ver.- En el Parque Zaragoza, uno de los m\u00e1s tradicionales del Puerto de Veracruz, la alcaldesa Paty Lobeira de<\/p>\n","protected":false},"author":4,"featured_media":4500,"comment_status":"open","ping_status":"open","sticky":false,"template":"","format":"standard","meta":{"colormag_page_container_layout":"default_layout","colormag_page_sidebar_layout":"default_layout","rop_custom_images_group":[],"rop_custom_messages_group":[],"rop_publish_now":"initial","rop_publish_now_accounts":{"facebook_109133384920963_108472061465099":""},"rop_publish_now_history":[],"rop_publish_now_status":"pending","footnotes":""},"categories":[8],"tags":[17,26,20,58,19,100,97,91,84,98,99,21,23,22,90],"class_list":["post-4499","post","type-post","status-publish","format-standard","has-post-thumbnail","hentry","category-alcaldesas","tag-cuitlahuac-garcia-jimenez","tag-el-veracruzano-vip","tag-enterate","tag-paty-lobeira-de-yunes","tag-redes-sociales","tag-secretaria-de-economia","tag-secretaria-de-educacion-publica","tag-secretaria-de-educacion-veracruz","tag-secretaria-de-proteccion-civil-del-estado-de-veracruz","tag-secretaria-del-medio-ambiente","tag-secretaria-del-trabajo-y-prevision-social","tag-ultima-hora","tag-ultimas-noticias","tag-ultimo-minuto","tag-veracruz-ciudad-y-puerto"],"_links":{"self":[{"href":"https:\/\/elveracruzano.vip\/index.php?rest_route=\/wp\/v2\/posts\/4499","targetHints":{"allow":["GET"]}}],"collection":[{"href":"https:\/\/elveracruzano.vip\/index.php?rest_route=\/wp\/v2\/posts"}],"about":[{"href":"https:\/\/elveracruzano.vip\/index.php?rest_route=\/wp\/v2\/types\/post"}],"author":[{"embeddable":true,"href":"https:\/\/elveracruzano.vip\/index.php?rest_route=\/wp\/v2\/users\/4"}],"replies":[{"embeddable":true,"href":"https:\/\/elveracruzano.vip\/index.php?rest_route=%2Fwp%2Fv2%2Fcomments&post=4499"}],"version-history":[{"count":2,"href":"https:\/\/elveracruzano.vip\/index.php?rest_route=\/wp\/v2\/posts\/4499\/revisions"}],"predecessor-version":[{"id":4506,"href":"https:\/\/elveracruzano.vip\/index.php?rest_route=\/wp\/v2\/posts\/4499\/revisions\/4506"}],"wp:featuredmedia":[{"embeddable":true,"href":"https:\/\/elveracruzano.vip\/index.php?rest_route=\/wp\/v2\/media\/4500"}],"wp:attachment":[{"href":"https:\/\/elveracruzano.vip\/index.php?rest_route=%2Fwp%2Fv2%2Fmedia&parent=4499"}],"wp:term":[{"taxonomy":"category","embeddable":true,"href":"https:\/\/elveracruzano.vip\/index.php?rest_route=%2Fwp%2Fv2%2Fcategories&post=4499"},{"taxonomy":"post_tag","embeddable":true,"href":"https:\/\/elveracruzano.vip\/index.php?rest_route=%2Fwp%2Fv2%2Ftags&post=4499"}],"curies":[{"name":"wp","href":"https:\/\/api.w.org\/{rel}","templated":true}]}}